{"id":142434,"date":"2025-05-31T20:12:14","date_gmt":"2025-05-31T20:12:14","guid":{"rendered":"https:\/\/www.europesays.com\/fr\/142434\/"},"modified":"2025-05-31T20:12:14","modified_gmt":"2025-05-31T20:12:14","slug":"bruno-se-lance-dans-un-nouveau-cap-ou-pas-cap-avec-une-autre-candidate-de-la-saison","status":"publish","type":"post","link":"https:\/\/www.europesays.com\/fr\/142434\/","title":{"rendered":"Bruno se lance dans un nouveau \u00ab\u00a0Cap ou pas Cap\u00a0\u00bb avec une autre candidate de la saison"},"content":{"rendered":"<p>Bruno (Mari\u00e9s au premier regard) n&rsquo;en a visiblement pas termin\u00e9 avec les \u00ab\u00a0Cap ou pas Cap\u00a0\u00bb. Ce samedi 31 mai, il a lanc\u00e9 un nouveau d\u00e9fi avec une autre candidate de la saison 9. <\/p>\n<p>La saison 9 de Mari\u00e9s au premier regard touche \u00e0 sa fin. Le verdict approche pour les couples qui se sont form\u00e9s gr\u00e2ce \u00e0 l&rsquo;\u00e9mission. Si certains \u00e0 l&rsquo;image de<a href=\"https:\/\/www.programme-tv.net\/news\/tele-realite\/378676-ca-ne-correspond-pas-a-ce-qui-sest-passe-sophie-maries-au-premier-regard-retablit-une-verite-sur-une-sequence-qui-a-beaucoup-fait-parler-avec-guillaume\/\" data-api-deeplink=\"teleloisirs:\/\/news\/378676\" target=\"_blank\" rel=\"noopener\"> Sophie et Guillaume<\/a> ou d&rsquo;<a href=\"https:\/\/www.programme-tv.net\/news\/tele-realite\/380051-c-est-parfois-si-difficile-anthony-maries-au-premier-regard-evoque-les-nombreuses-critiques-sur-son-mariage-avec-laury\/\" data-api-deeplink=\"teleloisirs:\/\/news\/380051\" target=\"_blank\" rel=\"noopener\">Anthony et Laury<\/a> n&rsquo;ont pas attendu le bilan avec les expertes pour rompre, le suspense reste total pour l&rsquo;avenir des autres candidats. Avant de retrouver <a href=\"https:\/\/www.programme-tv.net\/biographie\/2380791-dossin-estelle\/\" data-link-people=\"5cf96b53-d73e-418a-ae47-458165086dd3\" target=\"_blank\" rel=\"noopener\">Estelle Dossin<\/a> et Marie Tapernoux \u00e0 Paris, <a href=\"https:\/\/www.programme-tv.net\/news\/tele-realite\/379321-je-n-avais-pas-envie-d-une-autre-boite-bruno-maries-au-premier-regard-2025-reprend-les-cap-ou-pas-cap-avec-coralie-et-l-emmene-au-bout-du-monde-dans-le-prochain-episode\/\" data-api-deeplink=\"teleloisirs:\/\/news\/379321\" target=\"_blank\" rel=\"noopener\">Bruno a lanc\u00e9 un ultime cap ou pas cap \u00e0 Coralie et les deux amoureux se sont envol\u00e9s durant 24 heures direction New York<\/a>. Un cadeau empoisonn\u00e9 pour l&rsquo;infirmi\u00e8re ! \u00ab\u00a0Je n&rsquo;avais pas envie d&rsquo;une autre bo\u00eete\u00a0\u00bb, a-t-elle soulign\u00e9. \u00ab\u00a0Je trouvais que notre journ\u00e9e \u00e9tait d\u00e9j\u00e0 g\u00e9niale. Mais quand il me sort cette bo\u00eete, je me dis &lsquo;Ok, why not\u00a0?&rsquo;. Bruno est plein de surprises et aujourd&rsquo;hui on a besoin de se d\u00e9couvrir. Est-ce que ce n\u2019est pas ce que j&rsquo;attendais\u00a0?\u00a0\u00bb, a-t-elle finalement reconnu.<\/p>\n<p>Bruno (Mari\u00e9s au premier regard) lance un d\u00e9fi \u00e0 sa communaut\u00e9 avec l&rsquo;aide Sophie<\/p>\n<p>Mais Bruno ne s&rsquo;est visiblement pas lass\u00e9 de ces d\u00e9fis depuis la fin de l&rsquo;aventure. Sur son compte Instagram ce vendredi 30 mai, le mari de Coralie a propos\u00e9 \u00e0 sa communaut\u00e9 de jouer avec lui. Il a ainsi lanc\u00e9 le \u00ab\u00a0cap ou pas cap 2.0\u00a0\u00bb.  \u00ab\u00a0Chaque semaine, je vais vous proposer un d\u00e9fi. Un d\u00e9fi qui fait peur, un d\u00e9fi qui fait sourire. Peut-\u00eatre les deux. Vous avez jusqu&rsquo;\u00e0 lundi midi pour le relever\u00a0\u00bb, a-t-il expliqu\u00e9. Charge ensuite aux plus motiv\u00e9s de filmer leur \u00ab\u00a0cap\u00a0\u00bb et de le publier sur Instagram en story. \u00ab\u00a0Chaque mardi, je diffuserai les dix meilleurs d\u00e9fis qui ont \u00e9t\u00e9 relev\u00e9s. L\u00e0 o\u00f9 \u00e7a devient dr\u00f4le, c&rsquo;est que le mardi, c&rsquo;est \u00e0 vous de me lancer un d\u00e9fi\u00a0\u00bb, a poursuivi le quadrag\u00e9naire. Il se fait fort de le relever et de le prouver \u00e0 son tour en publiant les images. Pour ce premier d\u00e9fi, Bruno a convi\u00e9 une autre candidate du programme, Sophie. Il a voulu faire un clin d&rsquo;oeil <a href=\"https:\/\/www.programme-tv.net\/news\/tele-realite\/377186-j-ai-eu-peur-pour-moi-sophie-maries-au-premier-regard-evoque-les-terribles-violences-dont-elle-a-ete-victime-avant-son-mariage-avec-guillaume\/\" data-api-deeplink=\"teleloisirs:\/\/news\/377186\" target=\"_blank\" rel=\"noopener\">au mariage de cette derni\u00e8re avec Guillaume.<\/a> \u00ab\u00a0Cette semaine, je vous mets au d\u00e9fi de reproduire le flashmob de Sophie lors de son mariage\u00a0\u00bb, a-t-il lanc\u00e9, avant de d\u00e9couvrir les pas avec son invit\u00e9e. Les candidats de la saison 9 de Mari\u00e9s au premier regard ont salu\u00e9 l&rsquo;initiative de leur Bruno.<\/p>\n<p>                        Laury (Mari\u00e9s au premier regard) a d\u00e9menti \u00eatre en couple avec Bruno<\/p>\n<p>Bruno s&rsquo;est affich\u00e9 \u00e0 plusieurs reprises tr\u00e8s proche d&rsquo;une autre candidate de la saison 9 de Mari\u00e9s au premier regard, <a href=\"https:\/\/www.programme-tv.net\/news\/tele-realite\/380077-une-de-mes-plus-belles-rencontres-laury-maries-au-premier-regard-etonnamment-proche-de-bruno-elle-se-confie-sur-leur-relation\/\" data-api-deeplink=\"teleloisirs:\/\/news\/380077\" target=\"_blank\" rel=\"noopener\">qui a d\u00e9menti s&rsquo;\u00eatre rapproch\u00e9e de lui.<\/a> \u00ab\u00a0Non, je ne suis pas en couple avec Bruno. On est un peu comme Tic et Tac, le duo ap\u00e9ro \u00e0 gogo\u00a0! C\u2019est une de mes plus belles rencontres MAPR. Un nouvel et vrai ami dans ma vie\u00a0\u00bb, a ainsi affirm\u00e9 Laury, l&rsquo;ex de Guillaume.<\/p>\n<blockquote class=\"instagram-media\" data-instgrm-captioned=\"\" data-instgrm-permalink=\"https:\/\/www.instagram.com\/reel\/DKTw4P_sHUp\/?utm_source=ig_embed&amp;utm_campaign=loading\" data-instgrm-version=\"14\" style=\" background:#FFF; border:0; border-radius:3px; box-shadow:0 0 1px 0 rgba(0,0,0,0.5),0 1px 10px 0 rgba(0,0,0,0.15); margin: 1px; max-width:658px; min-width:326px; padding:0; width:99.375%; width:-webkit-calc(100% - 2px); width:calc(100% - 2px);\"\/>\n<p>        <script async src=\"\/\/www.instagram.com\/embed.js\"><\/script><\/p>\n","protected":false},"excerpt":{"rendered":"Bruno (Mari\u00e9s au premier regard) n&rsquo;en a visiblement pas termin\u00e9 avec les \u00ab\u00a0Cap ou pas Cap\u00a0\u00bb. Ce samedi&hellip;\n","protected":false},"author":2,"featured_media":142435,"comment_status":"","ping_status":"","sticky":false,"template":"","format":"standard","meta":{"footnotes":""},"categories":[1356],"tags":[23614,244,58,59,1011,27,494,5214,252,1364],"class_list":{"0":"post-142434","1":"post","2":"type-post","3":"status-publish","4":"format-standard","5":"has-post-thumbnail","7":"category-television","8":"tag-bruno-mariu00e9s-au-premier-regard-9","9":"tag-commentaire","10":"tag-divertissement","11":"tag-entertainment","12":"tag-fr","13":"tag-france","14":"tag-m6","15":"tag-mariu00e9s-au-premier-regard","16":"tag-television","17":"tag-tv"},"share_on_mastodon":{"url":"https:\/\/pubeurope.com\/@fr\/114604274237704455","error":""},"_links":{"self":[{"href":"https:\/\/www.europesays.com\/fr\/wp-json\/wp\/v2\/posts\/142434","targetHints":{"allow":["GET"]}}],"collection":[{"href":"https:\/\/www.europesays.com\/fr\/wp-json\/wp\/v2\/posts"}],"about":[{"href":"https:\/\/www.europesays.com\/fr\/wp-json\/wp\/v2\/types\/post"}],"author":[{"embeddable":true,"href":"https:\/\/www.europesays.com\/fr\/wp-json\/wp\/v2\/users\/2"}],"replies":[{"embeddable":true,"href":"https:\/\/www.europesays.com\/fr\/wp-json\/wp\/v2\/comments?post=142434"}],"version-history":[{"count":0,"href":"https:\/\/www.europesays.com\/fr\/wp-json\/wp\/v2\/posts\/142434\/revisions"}],"wp:featuredmedia":[{"embeddable":true,"href":"https:\/\/www.europesays.com\/fr\/wp-json\/wp\/v2\/media\/142435"}],"wp:attachment":[{"href":"https:\/\/www.europesays.com\/fr\/wp-json\/wp\/v2\/media?parent=142434"}],"wp:term":[{"taxonomy":"category","embeddable":true,"href":"https:\/\/www.europesays.com\/fr\/wp-json\/wp\/v2\/categories?post=142434"},{"taxonomy":"post_tag","embeddable":true,"href":"https:\/\/www.europesays.com\/fr\/wp-json\/wp\/v2\/tags?post=142434"}],"curies":[{"name":"wp","href":"https:\/\/api.w.org\/{rel}","templated":true}]}}