{"id":142436,"date":"2025-05-31T20:13:09","date_gmt":"2025-05-31T20:13:09","guid":{"rendered":"https:\/\/www.europesays.com\/fr\/142436\/"},"modified":"2025-05-31T20:13:09","modified_gmt":"2025-05-31T20:13:09","slug":"le-petit-garcon-sur-la-pochette-dun-enfant-de-toi-est-devenu-une-star-phil-barney-raconte-lhistoire-de-cet-artiste-qui-a-un-enfant-avec-jenifer-2","status":"publish","type":"post","link":"https:\/\/www.europesays.com\/fr\/142436\/","title":{"rendered":"Le petit gar\u00e7on sur la pochette d\u2019\u00a0\u00bbUn enfant de toi\u00a0\u00bb est devenu une star ! Phil Barney raconte l\u2019histoire de cet artiste qui a un enfant avec Jenifer"},"content":{"rendered":"<p>\u00ab\u00a0Un enfant de toi\u00a0\u00bb, le succ\u00e8s du chanteur des ann\u00e9es 80 Phil Barney, n\u2019a pas encore r\u00e9v\u00e9l\u00e9 tous ses secrets. L\u2019interpr\u00e8te vient de d\u00e9voiler que l\u2019enfant que nous pouvons voir sur la pochette de son single de 1986 est devenu une personnalit\u00e9 bien connue des Fran\u00e7ais, et de la chanteuse Jenifer. Mais de qui peut-il bien s\u2019agir ?<\/p>\n<p>Quel plaisir d\u2019apprendre <strong>d\u2019incroyables anecdotes<\/strong> sur des chansons qui nous ont tous marqu\u00e9s. C\u2019est ce que Phil Barney nous a offert le 29 mai dernier en r\u00e9v\u00e9lant que<strong> l\u2019enfant pr\u00e9sent sur la pochette de son tube<\/strong> Un enfant de toi, paru en 1986, <strong>\u00e9tait devenu une star !<\/strong><\/p>\n<p>L\u2019artiste de 68 ans et <a href=\"https:\/\/fr.news.yahoo.com\/phil-barney-enfant-papa-discret-063600662.html\" data-ylk=\"slk:papa de Keenan;elm:context_link;itc:0;sec:content-canvas;outcm:mb_qualified_link;_E:mb_qualified_link;ct:story;\" class=\"link  yahoo-link\" target=\"_blank\" rel=\"noopener\">papa de Keenan<\/a>, s\u2019est confi\u00e9 \u00e0 <a href=\"https:\/\/fr.news.yahoo.com\/phil-barney-sur-la-pochette-dun-enfant-de-toi-il-y-avait-un-petit-garcon-aujourdhui-cest-une-star-082139278.html?guccounter=1&amp;guce_referrer=aHR0cHM6Ly93d3cuZ29vZ2xlLmNvbS8&amp;guce_referrer_sig=AQAAAAd2jPVJ5CsPsiznWyInpvnoNCfPBG2oB4e9OqXACaXoTGbVf9Y3gy0tMkrER52kBrwWc1ABoo5tMV31PRgCbGhXF9g_KMiy0SvQhoJyAwlpi6nqdAepYMfFTyV3IyxfqrYpVFl_Gv86TPVv8LiiXKRit_icJgzSpSu9ZIW2W5hs\" data-ylk=\"slk:Yahoo !;elm:context_link;itc:0;sec:content-canvas;outcm:mb_qualified_link;_E:mb_qualified_link;ct:story;\" class=\"link  yahoo-link\" target=\"_blank\" rel=\"noopener\">Yahoo !<\/a> sur sa ballade d\u00e9voil\u00e9e il y a maintenant trente-neuf ans. Si vous pensiez qu\u2019il n\u2019y avait plus rien \u00e0 d\u00e9couvrir sur son titre devenu culte et qui r\u00e9sonne encore dans toutes les t\u00eates, d\u00e9trompez-vous. Phil Barney a fait une r\u00e9v\u00e9lation de taille sur la pochette du single, sur laquelle nous pouvons voir un jeune gar\u00e7on en arri\u00e8re-plan.<\/p>\n<p>Phil Barney : le gar\u00e7on de la pochette d\u2019Un enfant de toi est Yodelice !<\/p>\n<p>Sur la pochette du 45 tours d\u2019Un enfant de toi, nous pouvons voir en premier plan Phil Barney assis sur un banc tandis que, derri\u00e8re lui, <strong>un gar\u00e7on semble courir dans un parc<\/strong>. Le chanteur a r\u00e9v\u00e9l\u00e9 l\u2019identit\u00e9 du gar\u00e7on en question, <strong>qui n\u2019est autre que Yodelice<\/strong>. \u00ab\u00a0Sur la pochette d&rsquo;Un enfant de toi, il y avait un petit gar\u00e7on qui avait une dizaine d&rsquo;ann\u00e9es qui est devenu quelqu&rsquo;un d&rsquo;assez important. C&rsquo;est devenu Yodelice\u00a0\u00bb a-t-il confi\u00e9.<\/p>\n<p>Yodelice, de son vrai nom <a href=\"https:\/\/www.purepeople.com\/people\/maxim-nucci_p309\" rel=\"nofollow noopener\" target=\"_blank\" data-ylk=\"slk:Maxim Nucci;elm:context_link;itc:0;sec:content-canvas\" class=\"link \">Maxim Nucci<\/a>, est un c\u00e9l\u00e8bre musicien et producteur qui a su se faire un nom dans le milieu tr\u00e8s ferm\u00e9 de la musique. \u00ab\u00a0Il a ouvert le concert de Clapton dans le monde entier. Il a \u00e9crit pour Hallyday, il a \u00e9crit pour plein de gens, pour les L5, je crois, pour plein de monde. C&rsquo;est un gar\u00e7on qui a beaucoup de talent\u00a0\u00bb a ajout\u00e9 Phil Barney, fier du parcours du jeune homme.<\/p>\n<p>Mais Yodelice est \u00e9galement l\u2019ex de <a href=\"https:\/\/www.purepeople.com\/people\/jenifer_p55\" rel=\"nofollow noopener\" target=\"_blank\" data-ylk=\"slk:Jenifer;elm:context_link;itc:0;sec:content-canvas\" class=\"link \">Jenifer<\/a>, la c\u00e9l\u00e8bre chanteuse ayant remport\u00e9 la toute premi\u00e8re saison de la Star Academy sur TF1 en 2001. C\u2019est apr\u00e8s avoir collabor\u00e9 sur le premier album de la chanteuse que Yodelice se met en couple avec elle. Ensemble, ils auront en 2003 un petit gar\u00e7on pr\u00e9nomm\u00e9 Aaron, avant qu\u2019ils ne se s\u00e9parent cinq ans apr\u00e8s sa naissance. Il est d\u00e9sormais <a href=\"https:\/\/fr.news.yahoo.com\/isabelle-ithurburu-s%C3%A9par%C3%A9e-9000-km-112400401.html\" data-ylk=\"slk:le compagnon de la journaliste Isabelle Ithurburu,;elm:context_link;itc:0;sec:content-canvas;outcm:mb_qualified_link;_E:mb_qualified_link;ct:story;\" class=\"link  yahoo-link\" target=\"_blank\" rel=\"noopener\">le compagnon de la journaliste Isabelle Ithurburu, <\/a>avec laquelle <a href=\"https:\/\/fr.news.yahoo.com\/isabelle-ithurburu-fait-rare-confidence-202800665.html\" data-ylk=\"slk:il a eu une petite Mia en 2018.;elm:context_link;itc:0;sec:content-canvas;outcm:mb_qualified_link;_E:mb_qualified_link;ct:story;\" class=\"link  yahoo-link\" target=\"_blank\" rel=\"noopener\">il a eu une petite Mia en 2018.<\/a><\/p>\n<p>Mais comment le petit gar\u00e7on qu\u2019il \u00e9tait s\u2019est-il retrouv\u00e9 \u00e0 prendre la pose pour la pochette de ce qui se r\u00e9v\u00e9lera \u00eatre l\u2019un des plus grands titres des ann\u00e9es 80 ? \u00ab\u00a0En fait, c&rsquo;est son p\u00e8re qui \u00e9tait mon producteur \u00e0 l&rsquo;\u00e9poque. C&rsquo;est rest\u00e9 un souvenir assez rigolo. J&rsquo;allais tout le temps chez lui, on discutait de musique avec son p\u00e8re, mais il \u00e9tait l\u00e0, il \u00e9tait toujours dans notre milieu\u00a0\u00bb a r\u00e9v\u00e9l\u00e9 Phil Barney.<\/p>\n<p>Comme quoi, les titres cultes des ann\u00e9es 80 n\u2019ont toujours pas fini de nous fasciner. Des ann\u00e9es apr\u00e8s sa sortie, le single de Phil Barney avait m\u00eame eu droit \u00e0 <a href=\"https:\/\/www.purepeople.com\/article\/phil-barney-son-duo-avec-marlene-loft-story-2-j-etais-reticent_a158755\/1\" rel=\"nofollow noopener\" target=\"_blank\" data-ylk=\"slk:une reprise en duo avec une ancienne candidate de t\u00e9l\u00e9-r\u00e9alit\u00e9;elm:context_link;itc:0;sec:content-canvas\" class=\"link \">une reprise en duo avec une ancienne candidate de t\u00e9l\u00e9-r\u00e9alit\u00e9<\/a>. L&rsquo;int\u00e9r\u00eat pour les chansons des ann\u00e9es 80 n&rsquo;est pas pr\u00e8s de faiblir.<\/p>\n<p><a href=\"https:\/\/www.purepeople.com\/article\/le-petit-garcon-sur-la-pochette-dun-enfant-de-toi-est-devenu-une-star-phil-barney-raconte-lhistoire-de-cet-artiste-qui-a-un-enfant-avec-jenifer_a538768\/1\" rel=\"nofollow noopener\" target=\"_blank\" data-ylk=\"slk:Article original sur Purepeople;elm:context_link;itc:0;sec:content-canvas\" class=\"link \">Article original sur Purepeople<\/a><\/p>\n","protected":false},"excerpt":{"rendered":"\u00ab\u00a0Un enfant de toi\u00a0\u00bb, le succ\u00e8s du chanteur des ann\u00e9es 80 Phil Barney, n\u2019a pas encore r\u00e9v\u00e9l\u00e9 tous&hellip;\n","protected":false},"author":2,"featured_media":142437,"comment_status":"","ping_status":"","sticky":false,"template":"","format":"standard","meta":{"footnotes":""},"categories":[1355],"tags":[27044,58,847,59,1011,27,1361,873,27043,27045,27046],"class_list":{"0":"post-142436","1":"post","2":"type-post","3":"status-publish","4":"format-standard","5":"has-post-thumbnail","7":"category-musique","8":"tag-chanteur-des-annees-80","9":"tag-divertissement","10":"tag-enfant","11":"tag-entertainment","12":"tag-fr","13":"tag-france","14":"tag-music","15":"tag-musique","16":"tag-phil-barney","17":"tag-pochette","18":"tag-yodelice"},"share_on_mastodon":{"url":"https:\/\/pubeurope.com\/@fr\/114604278246147296","error":""},"_links":{"self":[{"href":"https:\/\/www.europesays.com\/fr\/wp-json\/wp\/v2\/posts\/142436","targetHints":{"allow":["GET"]}}],"collection":[{"href":"https:\/\/www.europesays.com\/fr\/wp-json\/wp\/v2\/posts"}],"about":[{"href":"https:\/\/www.europesays.com\/fr\/wp-json\/wp\/v2\/types\/post"}],"author":[{"embeddable":true,"href":"https:\/\/www.europesays.com\/fr\/wp-json\/wp\/v2\/users\/2"}],"replies":[{"embeddable":true,"href":"https:\/\/www.europesays.com\/fr\/wp-json\/wp\/v2\/comments?post=142436"}],"version-history":[{"count":0,"href":"https:\/\/www.europesays.com\/fr\/wp-json\/wp\/v2\/posts\/142436\/revisions"}],"wp:featuredmedia":[{"embeddable":true,"href":"https:\/\/www.europesays.com\/fr\/wp-json\/wp\/v2\/media\/142437"}],"wp:attachment":[{"href":"https:\/\/www.europesays.com\/fr\/wp-json\/wp\/v2\/media?parent=142436"}],"wp:term":[{"taxonomy":"category","embeddable":true,"href":"https:\/\/www.europesays.com\/fr\/wp-json\/wp\/v2\/categories?post=142436"},{"taxonomy":"post_tag","embeddable":true,"href":"https:\/\/www.europesays.com\/fr\/wp-json\/wp\/v2\/tags?post=142436"}],"curies":[{"name":"wp","href":"https:\/\/api.w.org\/{rel}","templated":true}]}}