{"id":142444,"date":"2025-05-31T20:17:10","date_gmt":"2025-05-31T20:17:10","guid":{"rendered":"https:\/\/www.europesays.com\/fr\/142444\/"},"modified":"2025-05-31T20:17:10","modified_gmt":"2025-05-31T20:17:10","slug":"au-concours-miss-monde-miss-martinique-frole-la-couronne-et-finit-tres-loin-devant-miss-france","status":"publish","type":"post","link":"https:\/\/www.europesays.com\/fr\/142444\/","title":{"rendered":"Au concours Miss Monde, Miss Martinique fr\u00f4le la couronne et finit (tr\u00e8s) loin devant Miss France"},"content":{"rendered":"<p>        <img decoding=\"async\" loading=\"lazy\" src=\"https:\/\/www.europesays.com\/fr\/wp-content\/uploads\/2025\/05\/b24e7ee_sirius-fs-upload-1-q9ycevr28fzp-1748715519347-screenshot-2025-05-31-20-18-31.png\"  width=\"728\" height=\"409\" alt=\"Au concours Miss Monde, Miss Martinique fr\u00f4le la couronne et finit (tr\u00e8s) loin devant Miss France\"\/>  <\/p>\n<p>Capture d\u2019\u00e9cran Instagram (@aureliejoa)<\/p>\n<p>Au concours Miss Monde, Miss Martinique fr\u00f4le la couronne et finit (tr\u00e8s) loin devant Miss France<\/p>\n<p class=\"asset asset-text\">MISS MONDE &#8211; Une candidate fran\u00e7aise s\u2019est d\u00e9marqu\u00e9e au concours de Miss Monde 2025\u2026 mais il ne s\u2019agissait pas de <a href=\"https:\/\/www.huffingtonpost.fr\/culture\/article\/vaimalama-chaves-miss-france-2019-revele-dans-son-autobiographie-o-vai-avoir-ete-victime-d-inceste_250118.html\" target=\"_blank\" rel=\"noopener\">Miss France<\/a>. La Martiniquaise Aur\u00e9lie Joachim s\u2019est fray\u00e9 un chemin jusqu\u2019au dernier carr\u00e9 du concours de beaut\u00e9, qui a \u00e9t\u00e9 remport\u00e9 par la Tha\u00eflandaise Opal Suchata Chuangsri ce samedi 31\u00a0mai \u00e0 Hyderabad en Inde. Miss <a href=\"https:\/\/www.huffingtonpost.fr\/politique\/article\/dans-le-scandale-du-chlordecone-les-elus-ultramarins-ulceres-par-ce-pourvoi-de-l-etat_250121.html\" target=\"_blank\" rel=\"noopener\">Martinique<\/a> est tout de m\u00eame repartie avec l\u2019\u00e9charpe de troisi\u00e8me dauphine.<\/p>\n<p class=\"asset asset-text\">Aur\u00e9lie Joachim a surtout coiff\u00e9 au poteau les deux autres Fran\u00e7aises qui participaient \u00e0 la comp\u00e9tition. Ni la Guadeloup\u00e9enne No\u00e9mie Milne, ni la Nordiste Agathe Cauet, qui concourrait pour l\u2019Hexagone, ne sont parvenues \u00e0 franchir l\u2019\u00e9tape du top 40. Comme le souligne TF1, ce r\u00e9sultat de la Miss France est plut\u00f4t d\u00e9cevant apr\u00e8s un \u00ab\u00a0parcours sans faute\u00a0\u00bb\u00a0: c\u2019est la premi\u00e8re fois depuis 2014\u00a0que la France ne se classe pas dans ce concours international.<\/p>\n<p class=\"asset asset-text\">Les comit\u00e9s antillais de la Guadeloupe et de la Martinique, qui pr\u00e9sentent chaque ann\u00e9e une Miss ind\u00e9pendamment de la France, avaient d\u00e9j\u00e0 obtenu de bons r\u00e9sultats par le pass\u00e9. En d\u00e9cembre\u00a02019, la Guadeloup\u00e9enne Oph\u00e9ly M\u00e9zino avait touch\u00e9 la couronne du bout des doigts en terminant deuxi\u00e8me. Un joli classement qu\u2019elle connaissait d\u00e9j\u00e0 puisqu\u2019elle avait rafl\u00e9 le titre de premi\u00e8re dauphine de Miss France 2019.<\/p>\n<p>    La nouvelle Miss Monde s\u2019\u00e9tait d\u00e9j\u00e0 d\u00e9marqu\u00e9e lors de Miss Univers    <\/p>\n<p class=\"asset asset-text\">La nouvelle Miss Monde, Opal Suchata Chuangsri, s\u2019est impos\u00e9e face \u00e0 pas moins de 108\u00a0candidates venues du monde entier, esp\u00e9rant toutes succ\u00e9der \u00e0 la Tch\u00e8que Krystyna Pyszkov\u00e1. La Tha\u00eflandaise, <strong>dont vous pouvez voir le sacre ci-dessous<\/strong>, qui l\u2019a finalement emport\u00e9 n\u2019est \u00e2g\u00e9e que de 21\u00a0ans et elle n\u2019en \u00e9tait pas \u00e0 son premier coup d\u2019\u00e9clat lors d\u2019un concours de beaut\u00e9. L\u2019an dernier elle avait d\u00e9croch\u00e9 une tr\u00e8s belle quatri\u00e8me place au concours de Miss Univers.<\/p>\n<p> La lecture de ce contenu est susceptible d\u2019entra\u00eener un d\u00e9p\u00f4t de cookies de la part de l\u2019op\u00e9rateur tiers qui l\u2019h\u00e9berge. Compte-tenu des choix que vous avez exprim\u00e9s en mati\u00e8re de d\u00e9p\u00f4t de cookies, nous avons bloqu\u00e9 l\u2019affichage de ce contenu. Si vous souhaitez y acc\u00e9der, vous devez accepter la cat\u00e9gorie de cookies \u201cContenus tiers\u201d en cliquant sur le bouton ci-dessous. <\/p>\n<p> Lire la Vid\u00e9o        <\/p>\n<p class=\"asset asset-text\">Aur\u00e9lie Joachim n\u2019a pas \u00e0 rougir de sa quatri\u00e8me place qui lui permet \u00e9galement de d\u00e9crocher le titre continental de Miss Monde Am\u00e9riques et Cara\u00efbes. \u00ab\u00a0Peu importe l\u2019issue ce soir, je me sens d\u00e9j\u00e0 gagnante\u00a0\u00bb, avait \u00e9crit la Miss sur Instagram quelques heures avant la c\u00e9r\u00e9monie, \u00ab\u00a0cette aventure m\u2019a remplie de joie, je suis infiniment reconnaissante.\u00a0\u00bb La Guadeloupe et la Martinique ne sont jamais parvenues \u00e0 d\u00e9crocher la couronne de Miss Monde. La France, elle, a remport\u00e9 la comp\u00e9tition une fois\u2026 il y a 72\u00a0ans, avec le sacre de Denise Perrier en 1953.<\/p>\n","protected":false},"excerpt":{"rendered":"Capture d\u2019\u00e9cran Instagram (@aureliejoa) Au concours Miss Monde, Miss Martinique fr\u00f4le la couronne et finit (tr\u00e8s) loin devant&hellip;\n","protected":false},"author":2,"featured_media":142445,"comment_status":"","ping_status":"","sticky":false,"template":"","format":"standard","meta":{"footnotes":""},"categories":[8],"tags":[58,59,1011,27,20470,3034,12664,27042],"class_list":{"0":"post-142444","1":"post","2":"type-post","3":"status-publish","4":"format-standard","5":"has-post-thumbnail","7":"category-divertissement","8":"tag-divertissement","9":"tag-entertainment","10":"tag-fr","11":"tag-france","12":"tag-martinique","13":"tag-miss-france","14":"tag-miss-france-2025","15":"tag-miss-monde"},"share_on_mastodon":{"url":"https:\/\/pubeurope.com\/@fr\/114604293835234264","error":""},"_links":{"self":[{"href":"https:\/\/www.europesays.com\/fr\/wp-json\/wp\/v2\/posts\/142444","targetHints":{"allow":["GET"]}}],"collection":[{"href":"https:\/\/www.europesays.com\/fr\/wp-json\/wp\/v2\/posts"}],"about":[{"href":"https:\/\/www.europesays.com\/fr\/wp-json\/wp\/v2\/types\/post"}],"author":[{"embeddable":true,"href":"https:\/\/www.europesays.com\/fr\/wp-json\/wp\/v2\/users\/2"}],"replies":[{"embeddable":true,"href":"https:\/\/www.europesays.com\/fr\/wp-json\/wp\/v2\/comments?post=142444"}],"version-history":[{"count":0,"href":"https:\/\/www.europesays.com\/fr\/wp-json\/wp\/v2\/posts\/142444\/revisions"}],"wp:featuredmedia":[{"embeddable":true,"href":"https:\/\/www.europesays.com\/fr\/wp-json\/wp\/v2\/media\/142445"}],"wp:attachment":[{"href":"https:\/\/www.europesays.com\/fr\/wp-json\/wp\/v2\/media?parent=142444"}],"wp:term":[{"taxonomy":"category","embeddable":true,"href":"https:\/\/www.europesays.com\/fr\/wp-json\/wp\/v2\/categories?post=142444"},{"taxonomy":"post_tag","embeddable":true,"href":"https:\/\/www.europesays.com\/fr\/wp-json\/wp\/v2\/tags?post=142444"}],"curies":[{"name":"wp","href":"https:\/\/api.w.org\/{rel}","templated":true}]}}