{"id":142458,"date":"2025-05-31T20:25:15","date_gmt":"2025-05-31T20:25:15","guid":{"rendered":"https:\/\/www.europesays.com\/fr\/142458\/"},"modified":"2025-05-31T20:25:15","modified_gmt":"2025-05-31T20:25:15","slug":"nancy-mariage-melanie-et-florian","status":"publish","type":"post","link":"https:\/\/www.europesays.com\/fr\/142458\/","title":{"rendered":"Nancy | Mariage. M\u00e9lanie et Florian"},"content":{"rendered":"<p>Ce samedi 31\u00a0mai, \u00e0 15\u00a0h, \u00e0 l\u2019h\u00f4tel de ville, Marianne Birck, adjointe au maire de Nancy, a uni par les liens du mariage, Florian Paygnard, responsable r\u00e9gional en graineterie, et M\u00e9lanie Le Cars, d\u00e9l\u00e9gu\u00e9e pharmaceutique. La c\u00e9r\u00e9monie s\u2019est tenue en pr\u00e9sence de leur famille et de leurs amis. Les nouveaux \u00e9poux sont domicili\u00e9s \u00e0 Nancy. Nos v\u0153ux de bonheur.<\/p>\n","protected":false},"excerpt":{"rendered":"Ce samedi 31\u00a0mai, \u00e0 15\u00a0h, \u00e0 l\u2019h\u00f4tel de ville, Marianne Birck, adjointe au maire de Nancy, a uni&hellip;\n","protected":false},"author":2,"featured_media":142459,"comment_status":"","ping_status":"","sticky":false,"template":"","format":"standard","meta":{"footnotes":""},"categories":[9635],"tags":[1111,11,9223,1704,1777,674,1011,27,775,1930,1702,1703,12,25,104],"class_list":{"0":"post-142458","1":"post","2":"type-post","3":"status-publish","4":"format-standard","5":"has-post-thumbnail","7":"category-nancy","8":"tag-actu","9":"tag-actualites","10":"tag-carnet-du-jour","11":"tag-edition-nancy-et-agglomeration","12":"tag-eu","13":"tag-europe","14":"tag-fr","15":"tag-france","16":"tag-grand-est","17":"tag-mariage","18":"tag-nancy","19":"tag-nancy-ville-54b","20":"tag-news","21":"tag-republique-francaise","22":"tag-societe"},"share_on_mastodon":{"url":"https:\/\/pubeurope.com\/@fr\/114604325251178734","error":""},"_links":{"self":[{"href":"https:\/\/www.europesays.com\/fr\/wp-json\/wp\/v2\/posts\/142458","targetHints":{"allow":["GET"]}}],"collection":[{"href":"https:\/\/www.europesays.com\/fr\/wp-json\/wp\/v2\/posts"}],"about":[{"href":"https:\/\/www.europesays.com\/fr\/wp-json\/wp\/v2\/types\/post"}],"author":[{"embeddable":true,"href":"https:\/\/www.europesays.com\/fr\/wp-json\/wp\/v2\/users\/2"}],"replies":[{"embeddable":true,"href":"https:\/\/www.europesays.com\/fr\/wp-json\/wp\/v2\/comments?post=142458"}],"version-history":[{"count":0,"href":"https:\/\/www.europesays.com\/fr\/wp-json\/wp\/v2\/posts\/142458\/revisions"}],"wp:featuredmedia":[{"embeddable":true,"href":"https:\/\/www.europesays.com\/fr\/wp-json\/wp\/v2\/media\/142459"}],"wp:attachment":[{"href":"https:\/\/www.europesays.com\/fr\/wp-json\/wp\/v2\/media?parent=142458"}],"wp:term":[{"taxonomy":"category","embeddable":true,"href":"https:\/\/www.europesays.com\/fr\/wp-json\/wp\/v2\/categories?post=142458"},{"taxonomy":"post_tag","embeddable":true,"href":"https:\/\/www.europesays.com\/fr\/wp-json\/wp\/v2\/tags?post=142458"}],"curies":[{"name":"wp","href":"https:\/\/api.w.org\/{rel}","templated":true}]}}