{"id":142462,"date":"2025-05-31T20:27:10","date_gmt":"2025-05-31T20:27:10","guid":{"rendered":"https:\/\/www.europesays.com\/fr\/142462\/"},"modified":"2025-05-31T20:27:10","modified_gmt":"2025-05-31T20:27:10","slug":"la-mediatheque-du-beausset-rend-hommage-au-celebre-auteur-varois-alain-cadeo-disparu-il-y-a-un-an","status":"publish","type":"post","link":"https:\/\/www.europesays.com\/fr\/142462\/","title":{"rendered":"La m\u00e9diath\u00e8que du Beausset rend hommage au c\u00e9l\u00e8bre auteur varois Alain Cad\u00e9o, disparu il y a un an"},"content":{"rendered":"<p>Le mardi 3 juin \u00e0 18h30, quelques jours avant le jour anniversaire de sa mort survenue le 12 juin 2024, sur l\u2019initiative de ses \u00e9diteurs et en liaison avec son \u00e9pouse Martine, la m\u00e9diath\u00e8que municipale du Beausset accueillera une avant-premi\u00e8re \u00e9mouvante autour d\u2019<strong>Alain Cad\u00e9o<\/strong>, c\u00e9l\u00e8bre auteur varois, et de son dernier ouvrage intitul\u00e9 <strong>Contes des petits mondes d\u2019\u00e0 c\u00f4t\u00e9, paru aux \u00e9ditions La Trace.<\/strong><\/p>\n<p>\u00ab\u00a0Cette manifestation permettra de rendre hommage \u00e0 la m\u00e9moire d\u2019Alain, \u00e9crivain, po\u00e8te et sc\u00e9nariste, qui avait con\u00e7u et r\u00e9alis\u00e9 ce livre en forme de contes pour adultes au cours des derniers mois de sa vie\u2026\u00a0\u00bb, confie son \u00e9pouse Martine.<\/p>\n<p>Elle ajoute: \u00ab\u00a0En attendant sa diffusion en librairie d\u00e8s le 12 juin, date anniversaire de sa disparition, le livre sera pr\u00e9sent\u00e9 en avant-premi\u00e8re mardi 3 juin \u00e0 la m\u00e9diath\u00e8que\u00a0\u00bb.<\/p>\n<p>En m\u00e9moire d\u2019Alain Cad\u00e9o, tous ceux qui l\u2019ont connu, lu et aim\u00e9 pourront se retrouver en toute amiti\u00e9 et convivialit\u00e9 autour d\u2019un ap\u00e9ritif. Martine Cad\u00e9o conclut: \u00ab\u00a0Ce livre ne sera pas le dernier, ses \u00e9diteurs continueront \u00e0 publier les \u00e9crits de ce grand \u00e9crivain traduit en Chine, connu et appr\u00e9ci\u00e9 dans tous les pays francophones\u00a0\u00bb.<\/p>\n<p><strong>Savoir+<\/strong><br \/>&#13;<br \/>\nEntr\u00e9e libre. Rendez-vous le mardi 3 juin \u00e0 18h30 \u00e0 la m\u00e9diath\u00e8que, Maison des arts et de la culture, 1 rue Portalis.<\/p>\n","protected":false},"excerpt":{"rendered":"Le mardi 3 juin \u00e0 18h30, quelques jours avant le jour anniversaire de sa mort survenue le 12&hellip;\n","protected":false},"author":2,"featured_media":142463,"comment_status":"","ping_status":"","sticky":false,"template":"","format":"standard","meta":{"footnotes":""},"categories":[9619],"tags":[1111,11,251,1777,674,1011,27,1351,12,882,25,2310],"class_list":{"0":"post-142462","1":"post","2":"type-post","3":"status-publish","4":"format-standard","5":"has-post-thumbnail","7":"category-toulon","8":"tag-actu","9":"tag-actualites","10":"tag-culture","11":"tag-eu","12":"tag-europe","13":"tag-fr","14":"tag-france","15":"tag-litterature","16":"tag-news","17":"tag-provence-alpes-cote-dazur","18":"tag-republique-francaise","19":"tag-toulon"},"share_on_mastodon":{"url":"https:\/\/pubeurope.com\/@fr\/114604333072228741","error":""},"_links":{"self":[{"href":"https:\/\/www.europesays.com\/fr\/wp-json\/wp\/v2\/posts\/142462","targetHints":{"allow":["GET"]}}],"collection":[{"href":"https:\/\/www.europesays.com\/fr\/wp-json\/wp\/v2\/posts"}],"about":[{"href":"https:\/\/www.europesays.com\/fr\/wp-json\/wp\/v2\/types\/post"}],"author":[{"embeddable":true,"href":"https:\/\/www.europesays.com\/fr\/wp-json\/wp\/v2\/users\/2"}],"replies":[{"embeddable":true,"href":"https:\/\/www.europesays.com\/fr\/wp-json\/wp\/v2\/comments?post=142462"}],"version-history":[{"count":0,"href":"https:\/\/www.europesays.com\/fr\/wp-json\/wp\/v2\/posts\/142462\/revisions"}],"wp:featuredmedia":[{"embeddable":true,"href":"https:\/\/www.europesays.com\/fr\/wp-json\/wp\/v2\/media\/142463"}],"wp:attachment":[{"href":"https:\/\/www.europesays.com\/fr\/wp-json\/wp\/v2\/media?parent=142462"}],"wp:term":[{"taxonomy":"category","embeddable":true,"href":"https:\/\/www.europesays.com\/fr\/wp-json\/wp\/v2\/categories?post=142462"},{"taxonomy":"post_tag","embeddable":true,"href":"https:\/\/www.europesays.com\/fr\/wp-json\/wp\/v2\/tags?post=142462"}],"curies":[{"name":"wp","href":"https:\/\/api.w.org\/{rel}","templated":true}]}}