{"id":142472,"date":"2025-05-31T20:34:14","date_gmt":"2025-05-31T20:34:14","guid":{"rendered":"https:\/\/www.europesays.com\/fr\/142472\/"},"modified":"2025-05-31T20:34:14","modified_gmt":"2025-05-31T20:34:14","slug":"la-tension-monte-a-quelques-minutes-du-match","status":"publish","type":"post","link":"https:\/\/www.europesays.com\/fr\/142472\/","title":{"rendered":"la tension monte \u00e0 quelques minutes du match"},"content":{"rendered":"<p>Les bars de la place de Berulle, sur le quai St\u00e9phane-Jay, \u00e9taient d\u00e9j\u00e0 pleins, \u00e0 20 heures, de\u00a0supporters press\u00e9s d\u2019obtenir la meilleure place, au pied des \u00e9crans de t\u00e9l\u00e9vision, pour vibrer devant <a href=\"https:\/\/www.ledauphine.com\/sport\/2025\/05\/31\/ligue-des-champions-suivez-l-avant-match-a-quelques-heures-de-psg-inter-milan\" target=\"_blank\" rel=\"nofollow noopener\">la finale de la Ligue des champions<\/a>\u00a0ce samedi soir.<\/p>\n<p>\u00ab \u00c7a fait 15 ans que j\u2019attends \u00e7a, confie Quentin, maillot du PSG sur les \u00e9paules, qui a h\u00e9sit\u00e9 \u00e0 se rendre \u00e0 Paris pour suivre la finale qui opposera son \u00e9quipe de c\u0153ur \u00e0 l\u2019Inter de Milan. J\u2019ai l\u00e2ch\u00e9 tellement de larmes pour ce club qu\u2019on m\u00e9rite de la gagner cette fois\u200a! \u00bb<\/p>\n<p>Derri\u00e8re eux, Marine murmure \u00eatre venue soutenir l\u2019Inter. Elle trouvera un alli\u00e9 aux c\u00f4t\u00e9s du seul supporter du club italien ayant assum\u00e9 de porter un maillot bleu et noir. \u00ab\u200aBon, j\u2019ai quand m\u00eame pris ma veste au cas o\u00f9\u200a\u00bb, ironise Yassine, en cas de d\u00e9faite des Interistes.<\/p>\n<p>Et de l\u2019autre c\u00f4t\u00e9 des quais, fief de la cuisine italienne o\u00f9 r\u00e8gnent une dizaine de pizzerias ? \u00ab\u200aOn est l\u00e0 pour travailler ce soir, pas pour regarder le football \u00bb, balaye un serveur press\u00e9. Et de lancer\u200a: \u00ab\u200aLe seul qui tenait vraiment \u00e0 regarder le match c\u2019est mon voisin qui tient le bar, mais il a ferm\u00e9 pour le voir chez lui ! \u00bb<\/p>\n","protected":false},"excerpt":{"rendered":"Les bars de la place de Berulle, sur le quai St\u00e9phane-Jay, \u00e9taient d\u00e9j\u00e0 pleins, \u00e0 20 heures, de\u00a0supporters&hellip;\n","protected":false},"author":2,"featured_media":142473,"comment_status":"","ping_status":"","sticky":false,"template":"","format":"standard","meta":{"footnotes":""},"categories":[9566],"tags":[1111,11,2430,4406,112,1777,674,63,1011,27,2731,12,25,2205],"class_list":{"0":"post-142472","1":"post","2":"type-post","3":"status-publish","4":"format-standard","5":"has-post-thumbnail","7":"category-grenoble","8":"tag-actu","9":"tag-actualites","10":"tag-auvergne-rhone-alpes","11":"tag-commerce-et-services","12":"tag-edition-grenoble-agglomeration","13":"tag-eu","14":"tag-europe","15":"tag-football","16":"tag-fr","17":"tag-france","18":"tag-grenoble","19":"tag-news","20":"tag-republique-francaise","21":"tag-television-medias"},"share_on_mastodon":{"url":"https:\/\/pubeurope.com\/@fr\/114604360790452049","error":""},"_links":{"self":[{"href":"https:\/\/www.europesays.com\/fr\/wp-json\/wp\/v2\/posts\/142472","targetHints":{"allow":["GET"]}}],"collection":[{"href":"https:\/\/www.europesays.com\/fr\/wp-json\/wp\/v2\/posts"}],"about":[{"href":"https:\/\/www.europesays.com\/fr\/wp-json\/wp\/v2\/types\/post"}],"author":[{"embeddable":true,"href":"https:\/\/www.europesays.com\/fr\/wp-json\/wp\/v2\/users\/2"}],"replies":[{"embeddable":true,"href":"https:\/\/www.europesays.com\/fr\/wp-json\/wp\/v2\/comments?post=142472"}],"version-history":[{"count":0,"href":"https:\/\/www.europesays.com\/fr\/wp-json\/wp\/v2\/posts\/142472\/revisions"}],"wp:featuredmedia":[{"embeddable":true,"href":"https:\/\/www.europesays.com\/fr\/wp-json\/wp\/v2\/media\/142473"}],"wp:attachment":[{"href":"https:\/\/www.europesays.com\/fr\/wp-json\/wp\/v2\/media?parent=142472"}],"wp:term":[{"taxonomy":"category","embeddable":true,"href":"https:\/\/www.europesays.com\/fr\/wp-json\/wp\/v2\/categories?post=142472"},{"taxonomy":"post_tag","embeddable":true,"href":"https:\/\/www.europesays.com\/fr\/wp-json\/wp\/v2\/tags?post=142472"}],"curies":[{"name":"wp","href":"https:\/\/api.w.org\/{rel}","templated":true}]}}