{"id":142481,"date":"2025-05-31T20:39:10","date_gmt":"2025-05-31T20:39:10","guid":{"rendered":"https:\/\/www.europesays.com\/fr\/142481\/"},"modified":"2025-05-31T20:39:10","modified_gmt":"2025-05-31T20:39:10","slug":"apres-les-degradations-a-paris-le-maire-de-nice-demande-de-renforcer-la-surveillance-des-lieux-de-culte-israelites","status":"publish","type":"post","link":"https:\/\/www.europesays.com\/fr\/142481\/","title":{"rendered":"Apr\u00e8s les d\u00e9gradations \u00e0 Paris, le maire de Nice demande de renforcer la surveillance des lieux de culte isra\u00e9lites"},"content":{"rendered":"<p>Le maire de Nice Christian Estrosi a \u00ab\u00a0demand\u00e9 le renforcement de la surveillance du Mur des Justes, du Mur des d\u00e9port\u00e9s et de tous les lieux de culte isra\u00e9lites\u00a0\u00bb de la ville apr\u00e8s les d\u00e9gradations constat\u00e9es \u00e0 Paris, a-t-il indiqu\u00e9 sur X ce samedi 31 mai 2025.<\/p>\n<p>\u00ab\u00a0\u00c0 force d\u2019allumer le feu de l\u2019antis\u00e9mitisme et de l\u2019antisionisme, notre pays se r\u00e9veille enferm\u00e9 dans un climat qui ne ressemble plus \u00e0 la France. L\u2019antis\u00e9mitisme nous ronge de l\u2019int\u00e9rieur. Nous ne reculerons pas d\u2019un centim\u00e8tre!\u00a0\u00bb, \u00e9crit encore Christian Estrosi.<\/p>\n<p>A Paris, le M\u00e9morial de la Shoah, trois synagogues et un restaurant ont \u00e9t\u00e9 asperg\u00e9s de peinture verte dans la nuit de vendredi \u00e0 samedi.<\/p>\n<p>Au pied de la fa\u00e7ade du restaurant de la communaut\u00e9 juive Chez Marianne, un pot de peinture entam\u00e9 a \u00e9t\u00e9 retrouv\u00e9. Des jets de peinture ont \u00e9galement \u00e9t\u00e9 constat\u00e9s sur la synagogue des Tournelles, sur celle d&rsquo;Agoudas Hakehilos, ainsi que sur le M\u00e9morial de la Shoah, tous dans le 4e arrondissement de la capitale.<\/p>\n<p>La pr\u00e9fecture de police de Paris (PP) a pr\u00e9cis\u00e9 \u00e0 l&rsquo;AFP qu&rsquo;une autre synagogue, cette fois dans le 20e arrondissement, avait \u00ab\u00a0fait \u00e9galement l&rsquo;objet de d\u00e9gradations par jets de peinture de couleur verte\u00a0\u00bb.<\/p>\n<p>Aucun message, ni revendication n&rsquo;a \u00e9t\u00e9 d\u00e9couvert \u00e0 ce stade.<\/p>\n<p>Le parquet de Paris a confirm\u00e9 avoir charg\u00e9 la S\u00fbret\u00e9 territoriale d&rsquo;une enqu\u00eate pour \u00ab\u00a0d\u00e9gradations commises en raison de la religion\u00a0\u00bb.<\/p>\n<p>              <img ci-src=\"https:\/\/www.nicematin.com\/securite\/maxmatinnews273426-tf67LLRW.jpg?vh=50a53e&amp;ci_seal=07eb851c28\" alt=\"\"\/><br \/>\n        Le mur des Justes, \u00e0 Nice, lors de son inauguration en 2013. <strong>Photo Jean-Fran\u00e7ois Ottonello.<\/strong> <\/p>\n","protected":false},"excerpt":{"rendered":"Le maire de Nice Christian Estrosi a \u00ab\u00a0demand\u00e9 le renforcement de la surveillance du Mur des Justes, du&hellip;\n","protected":false},"author":2,"featured_media":142482,"comment_status":"","ping_status":"","sticky":false,"template":"","format":"standard","meta":{"footnotes":""},"categories":[2819],"tags":[1111,11,1777,674,1011,27,12,2401,882,25,656],"class_list":{"0":"post-142481","1":"post","2":"type-post","3":"status-publish","4":"format-standard","5":"has-post-thumbnail","7":"category-nice","8":"tag-actu","9":"tag-actualites","10":"tag-eu","11":"tag-europe","12":"tag-fr","13":"tag-france","14":"tag-news","15":"tag-nice","16":"tag-provence-alpes-cote-dazur","17":"tag-republique-francaise","18":"tag-securite"},"share_on_mastodon":{"url":"https:\/\/pubeurope.com\/@fr\/114604380206788667","error":""},"_links":{"self":[{"href":"https:\/\/www.europesays.com\/fr\/wp-json\/wp\/v2\/posts\/142481","targetHints":{"allow":["GET"]}}],"collection":[{"href":"https:\/\/www.europesays.com\/fr\/wp-json\/wp\/v2\/posts"}],"about":[{"href":"https:\/\/www.europesays.com\/fr\/wp-json\/wp\/v2\/types\/post"}],"author":[{"embeddable":true,"href":"https:\/\/www.europesays.com\/fr\/wp-json\/wp\/v2\/users\/2"}],"replies":[{"embeddable":true,"href":"https:\/\/www.europesays.com\/fr\/wp-json\/wp\/v2\/comments?post=142481"}],"version-history":[{"count":0,"href":"https:\/\/www.europesays.com\/fr\/wp-json\/wp\/v2\/posts\/142481\/revisions"}],"wp:featuredmedia":[{"embeddable":true,"href":"https:\/\/www.europesays.com\/fr\/wp-json\/wp\/v2\/media\/142482"}],"wp:attachment":[{"href":"https:\/\/www.europesays.com\/fr\/wp-json\/wp\/v2\/media?parent=142481"}],"wp:term":[{"taxonomy":"category","embeddable":true,"href":"https:\/\/www.europesays.com\/fr\/wp-json\/wp\/v2\/categories?post=142481"},{"taxonomy":"post_tag","embeddable":true,"href":"https:\/\/www.europesays.com\/fr\/wp-json\/wp\/v2\/tags?post=142481"}],"curies":[{"name":"wp","href":"https:\/\/api.w.org\/{rel}","templated":true}]}}