{"id":142485,"date":"2025-05-31T20:41:13","date_gmt":"2025-05-31T20:41:13","guid":{"rendered":"https:\/\/www.europesays.com\/fr\/142485\/"},"modified":"2025-05-31T20:41:13","modified_gmt":"2025-05-31T20:41:13","slug":"pourquoi-la-passerelle-de-cette-gare-va-disparaitre","status":"publish","type":"post","link":"https:\/\/www.europesays.com\/fr\/142485\/","title":{"rendered":"pourquoi la passerelle de cette gare va dispara\u00eetre"},"content":{"rendered":"<p>            Par<br \/>\n        <strong><br \/>\n            <a href=\"https:\/\/actu.fr\/auteur\/laure-gentil\" title=\"Consulter tous les articles de Laure Gentil\" rel=\"nofollow noopener\" target=\"_blank\">Laure Gentil<\/a><br \/>\n        <\/strong><\/p>\n<p>        Publi\u00e9 le<\/p>\n<p>            31 mai 2025 \u00e0 7h36        <\/p>\n<p>La <strong>gare de Cou\u00ebron<\/strong>, \u00ab\u200917\u00e8me des gares r\u00e9gionales par sa fr\u00e9quentation\u2009\u00bb selon Nantes M\u00e9tropole, continue de cro\u00eetre. Des <strong>am\u00e9nagements<\/strong> sont pr\u00e9vus pour la rendre plus accessible. Deux sc\u00e9narios de \u00ab\u2009mise en accessibilit\u00e9\u2009\u00bb sont \u00e0 l\u2019\u00e9tude.<\/p>\n<p>D\u00e9j\u00e0 154 places de parking en plus<\/p>\n<p class=\" wall-content\">Pour faire face \u00e0 cette croissance, la m\u00e9tropole nantaise avait d\u00e9j\u00e0 pris la d\u00e9cision de programmer \u00ab\u2009l\u2019extension du parking relais nord de 145 places (en compl\u00e9ment des 85 places pr\u00e9existantes) pour une livraison fin 2025\u2009\u00bb.<\/p>\n<p class=\" wall-content\">L\u2019\u00c9tat, la R\u00e9gion Pays de la Loire, Nantes M\u00e9tropole ainsi que la commune de Cou\u00ebron souhaitent d\u00e9sormais la rendre accessible \u00ab\u2009en <strong>rehaussant les quais<\/strong> et en <strong>rempla\u00e7ant la passerelle existante<\/strong> par un ouvrage de franchissement pour les personnes \u00e0 mobilit\u00e9 r\u00e9duite (PMR)\u2009\u00bb.<\/p>\n<p class=\" wall-content\">Parmi les deux solutions envisag\u00e9es, il y a\u2009:<\/p>\n<ul class=\" wall-content\">\n<li>la<strong> cr\u00e9ation d\u2019un passage souterrain<\/strong> \u00e0 l\u2019ouest du b\u00e2timent voyageur, avec deux rampes PMR\u2009;<\/li>\n<li>la <strong>cr\u00e9ation d\u2019une nouvelle passerelle<\/strong> \u00e0 l\u2019ouest du b\u00e2timent voyageur, avec deux ascenseurs.<\/li>\n<\/ul>\n<p>Vid\u00e9os : en ce moment sur Actu<\/p>\n<p class=\" wall-content\">Les \u00e9tudes d\u2019avant-projet et de projet sont <strong>pr\u00e9vues de mi-2025 \u00e0 mi-2027.<\/strong><\/p>\n<p class=\" wall-content\">\u00ab\u2009Les travaux de mise en accessibilit\u00e9 pourraient d\u00e9marrer mi-2029 pour <strong>une livraison fin 2030<\/strong>, sous r\u00e9serve de financement de ces travaux, non pr\u00e9vus au CPER actuel (Contrat de plan \u00c9tat-r\u00e9gion N.D.L.R.)\u2009\u00bb, indique Nantes M\u00e9tropole.<\/p>\n<p class=\" wall-content\">Le besoin de financement est \u00e9valu\u00e9 \u00e0 683\u2009402,70\u00a0euros (hors taxe) par SNCF R\u00e9seau, dont 170\u2009850,68\u00a0euros (hors taxe) seront financ\u00e9s par la M\u00e9tropole.<\/p>\n<p class=\" wall-content\">Suivez toute l\u2019actualit\u00e9 de vos villes et m\u00e9dias favoris en vous inscrivant \u00e0 <a href=\"https:\/\/moncompte.actu.fr\" title=\"D\u00e9couvez Mon Actu\" rel=\"nofollow noopener\" data-trk=\"{&quot;cta&quot;:{&quot;action&quot;:&quot;https:\\\/\\\/moncompte.actu.fr&quot;,&quot;category&quot;:&quot;mon compte&quot;,&quot;from&quot;:&quot;article footer&quot;,&quot;name&quot;:&quot;Mon actu&quot;,&quot;type&quot;:&quot;cta&quot;}}\" target=\"_blank\">Mon Actu<\/a>.<\/p>\n","protected":false},"excerpt":{"rendered":"Par Laure Gentil Publi\u00e9 le 31 mai 2025 \u00e0 7h36 La gare de Cou\u00ebron, \u00ab\u200917\u00e8me des gares r\u00e9gionales&hellip;\n","protected":false},"author":2,"featured_media":142486,"comment_status":"","ping_status":"","sticky":false,"template":"","format":"standard","meta":{"footnotes":""},"categories":[2818],"tags":[1111,11,1777,674,1011,27,766,12,2636,25,104,2086],"class_list":{"0":"post-142485","1":"post","2":"type-post","3":"status-publish","4":"format-standard","5":"has-post-thumbnail","7":"category-nantes","8":"tag-actu","9":"tag-actualites","10":"tag-eu","11":"tag-europe","12":"tag-fr","13":"tag-france","14":"tag-nantes","15":"tag-news","16":"tag-pays-de-la-loire","17":"tag-republique-francaise","18":"tag-societe","19":"tag-travaux"},"share_on_mastodon":{"url":"https:\/\/pubeurope.com\/@fr\/114604388092394786","error":""},"_links":{"self":[{"href":"https:\/\/www.europesays.com\/fr\/wp-json\/wp\/v2\/posts\/142485","targetHints":{"allow":["GET"]}}],"collection":[{"href":"https:\/\/www.europesays.com\/fr\/wp-json\/wp\/v2\/posts"}],"about":[{"href":"https:\/\/www.europesays.com\/fr\/wp-json\/wp\/v2\/types\/post"}],"author":[{"embeddable":true,"href":"https:\/\/www.europesays.com\/fr\/wp-json\/wp\/v2\/users\/2"}],"replies":[{"embeddable":true,"href":"https:\/\/www.europesays.com\/fr\/wp-json\/wp\/v2\/comments?post=142485"}],"version-history":[{"count":0,"href":"https:\/\/www.europesays.com\/fr\/wp-json\/wp\/v2\/posts\/142485\/revisions"}],"wp:featuredmedia":[{"embeddable":true,"href":"https:\/\/www.europesays.com\/fr\/wp-json\/wp\/v2\/media\/142486"}],"wp:attachment":[{"href":"https:\/\/www.europesays.com\/fr\/wp-json\/wp\/v2\/media?parent=142485"}],"wp:term":[{"taxonomy":"category","embeddable":true,"href":"https:\/\/www.europesays.com\/fr\/wp-json\/wp\/v2\/categories?post=142485"},{"taxonomy":"post_tag","embeddable":true,"href":"https:\/\/www.europesays.com\/fr\/wp-json\/wp\/v2\/tags?post=142485"}],"curies":[{"name":"wp","href":"https:\/\/api.w.org\/{rel}","templated":true}]}}