{"id":142511,"date":"2025-05-31T20:56:10","date_gmt":"2025-05-31T20:56:10","guid":{"rendered":"https:\/\/www.europesays.com\/fr\/142511\/"},"modified":"2025-05-31T20:56:10","modified_gmt":"2025-05-31T20:56:10","slug":"les-images-de-paris-qui-sembrase-pendant-la-finale-de-ligue-des-champions-du-psg","status":"publish","type":"post","link":"https:\/\/www.europesays.com\/fr\/142511\/","title":{"rendered":"les images de Paris qui s&#8217;embrase pendant la finale de Ligue des champions du PSG"},"content":{"rendered":"<p><img decoding=\"async\" class=\"caas-img caas-lazy has-preview\" src=\"https:\/\/www.europesays.com\/fr\/wp-content\/uploads\/2025\/05\/3ecb7c254c0870d7be3d2b7586e01db5.jpeg\"\/><\/p>\n<p>Paris chavire d\u00e9j\u00e0 dans le bonheur. <a href=\"https:\/\/fr.news.yahoo.com\/sport\/psg-inter-milan-louverture-score-192036451.html\" data-ylk=\"slk:Sur l&#039;ouverture du score d&#039;Achraf Hakimi;elm:context_link;itc:0;sec:content-canvas;outcm:mb_qualified_link;_E:mb_qualified_link;ct:story;\" class=\"link  yahoo-link\" target=\"_blank\" rel=\"noopener\">Sur l&rsquo;ouverture du score d&rsquo;Achraf Hakimi<\/a> puis sur le but du break de D\u00e9sir\u00e9 Dou\u00e9, la Capitale s&rsquo;est embras\u00e9e dans tous les coins durant la finale de la Ligue des champions PSG-Inter Milan. Sur les Champs-\u00c9lys\u00e9es, <a href=\"https:\/\/fr.news.yahoo.com\/sport\/psg-inter-monde-peur-grosse-160521718.html\" data-ylk=\"slk:o\u00f9 la s\u00e9curit\u00e9 est renforc\u00e9e;elm:context_link;itc:0;sec:content-canvas;outcm:mb_qualified_link;_E:mb_qualified_link;ct:story;\" class=\"link  yahoo-link\" target=\"_blank\" rel=\"noopener\">o\u00f9 la s\u00e9curit\u00e9 est renforc\u00e9e<\/a>, ils sont d\u00e9j\u00e0 nombreux, fumig\u00e8nes \u00e0 la main, pour c\u00e9l\u00e9brer l&rsquo;entame parfaite des joueurs de Luis Enrique. \u00c0 Noisy-le-Grand, la fan zone archi-comble a aussi explos\u00e9 de joie.<\/p>\n<p>L&rsquo;explosion du Parc des Princes<\/p>\n<p>Mais la plus grande folie vient bien entendu de l&rsquo;antre du PSG: le Parc des Princes qui vit une soir\u00e9e dingue. Apr\u00e8s quelques probl\u00e8mes de billetterie, <a href=\"https:\/\/rmcsport.bfmtv.com\/football\/ligue-des-champions\/direct-psg-inter-suivez-le-match-de-la-finale-de-la-ligue-des-champions-en-live_LS-202505310035.html\" rel=\"nofollow noopener\" target=\"_blank\" data-ylk=\"slk:rapidement r\u00e9solus;elm:context_link;itc:0;sec:content-canvas\" class=\"link \">rapidement r\u00e9solus<\/a>, le stade a finalement fait le plein comme pour un match classique. Face aux \u00e9crans g\u00e9ants, install\u00e9s au milieu de la pelouse, les 45.000 supporters ont rugi, comme jamais, sortant m\u00eame quelques feux d&rsquo;artifice. Autour du stade, la situation s&rsquo;est cependant tendue apr\u00e8s des tirs de mortiers d&rsquo;artifices et de lacrymog\u00e8nes sur le second but parisien.<\/p>\n<p><a href=\"https:\/\/rmcsport.bfmtv.com\/football\/ligue-des-champions\/des-champs-elysees-au-parc-des-princes-les-images-de-paris-qui-s-embrase-pendant-la-finale-de-ligue-des-champions-du-psg_AV-202505310331.html#xtor=AL-68\" rel=\"nofollow noopener\" target=\"_blank\" data-ylk=\"slk:Article original publi\u00e9 sur RMC Sport;elm:context_link;itc:0;sec:content-canvas\" class=\"link \">Article original publi\u00e9 sur RMC Sport<\/a><\/p>\n","protected":false},"excerpt":{"rendered":"Paris chavire d\u00e9j\u00e0 dans le bonheur. Sur l&rsquo;ouverture du score d&rsquo;Achraf Hakimi puis sur le but du break&hellip;\n","protected":false},"author":2,"featured_media":142512,"comment_status":"","ping_status":"","sticky":false,"template":"","format":"standard","meta":{"footnotes":""},"categories":[1888],"tags":[1111,1928,11,1927,1640,1777,674,19651,1011,27,17476,15001,921,12,1926,2334,626,1925,93,19331,25],"class_list":{"0":"post-142511","1":"post","2":"type-post","3":"status-publish","4":"format-standard","5":"has-post-thumbnail","7":"category-paris","8":"tag-actu","9":"tag-actu-paris","10":"tag-actualites","11":"tag-actualites-paris","12":"tag-desire-doue","13":"tag-eu","14":"tag-europe","15":"tag-finale-de-la-ligue-des-champions","16":"tag-fr","17":"tag-france","18":"tag-hakimi","19":"tag-les-champs-elysees","20":"tag-luis-enrique","21":"tag-news","22":"tag-news-paris","23":"tag-parc-des-princes","24":"tag-paris","25":"tag-paris-news","26":"tag-psg","27":"tag-psg-inter-milan","28":"tag-republique-francaise"},"share_on_mastodon":{"url":"https:\/\/pubeurope.com\/@fr\/114604447148522144","error":""},"_links":{"self":[{"href":"https:\/\/www.europesays.com\/fr\/wp-json\/wp\/v2\/posts\/142511","targetHints":{"allow":["GET"]}}],"collection":[{"href":"https:\/\/www.europesays.com\/fr\/wp-json\/wp\/v2\/posts"}],"about":[{"href":"https:\/\/www.europesays.com\/fr\/wp-json\/wp\/v2\/types\/post"}],"author":[{"embeddable":true,"href":"https:\/\/www.europesays.com\/fr\/wp-json\/wp\/v2\/users\/2"}],"replies":[{"embeddable":true,"href":"https:\/\/www.europesays.com\/fr\/wp-json\/wp\/v2\/comments?post=142511"}],"version-history":[{"count":0,"href":"https:\/\/www.europesays.com\/fr\/wp-json\/wp\/v2\/posts\/142511\/revisions"}],"wp:featuredmedia":[{"embeddable":true,"href":"https:\/\/www.europesays.com\/fr\/wp-json\/wp\/v2\/media\/142512"}],"wp:attachment":[{"href":"https:\/\/www.europesays.com\/fr\/wp-json\/wp\/v2\/media?parent=142511"}],"wp:term":[{"taxonomy":"category","embeddable":true,"href":"https:\/\/www.europesays.com\/fr\/wp-json\/wp\/v2\/categories?post=142511"},{"taxonomy":"post_tag","embeddable":true,"href":"https:\/\/www.europesays.com\/fr\/wp-json\/wp\/v2\/tags?post=142511"}],"curies":[{"name":"wp","href":"https:\/\/api.w.org\/{rel}","templated":true}]}}