{"id":142517,"date":"2025-05-31T20:59:09","date_gmt":"2025-05-31T20:59:09","guid":{"rendered":"https:\/\/www.europesays.com\/fr\/142517\/"},"modified":"2025-05-31T20:59:09","modified_gmt":"2025-05-31T20:59:09","slug":"crainte-dun-coup-de-boutoir-majeur-cote-russe-et-premiere-rencontre-entre-trump-et-lallemagne-2","status":"publish","type":"post","link":"https:\/\/www.europesays.com\/fr\/142517\/","title":{"rendered":"Crainte d\u2019un coup de boutoir majeur c\u00f4t\u00e9 russe et premi\u00e8re rencontre entre Trump et l\u2019Allemagne"},"content":{"rendered":"<p>Vous avez rat\u00e9 les derniers \u00e9v\u00e9nements sur la <a href=\"https:\/\/www.20minutes.fr\/monde\/ukraine\/\" class=\"color-ultramarine c-link\" target=\"_blank\" rel=\"noopener\">guerre en Ukraine<\/a>\u00a0? 20 Minutes fait le point pour vous tous les soirs. Voici l\u2019essentiel de ce samedi 31\u00a0mai, 1.193e jour du conflit.<\/p>\n<p>Le fait du jour<\/p>\n<p>Le chancelier allemand <a href=\"https:\/\/www.20minutes.fr\/politique\/friedrich-merz\/\" class=\"color-ultramarine c-link\" target=\"_blank\" rel=\"noopener\">Friedrich Merz<\/a>, qui a pris ses fonctions le 6\u00a0mai, rencontrera pour la premi\u00e8re fois jeudi <a href=\"https:\/\/www.20minutes.fr\/dossier\/donald_trump\" class=\"color-ultramarine c-link\" target=\"_blank\" rel=\"noopener\">Donald Trump<\/a>, qui le recevra \u00e0 la Maison Blanche. Et il y aura assur\u00e9ment de quoi papoter.<\/p>\n<p>Outre le d\u00e9bat \u00e9pineux des droits de <a href=\"https:\/\/www.20minutes.fr\/dossier\/douane\" class=\"color-ultramarine c-link\" target=\"_blank\" rel=\"noopener\">douane<\/a>, les deux chefs d\u2019Etat parleront de la situation au Moyen-Orient, \u00ab\u00a0la guerre d\u2019agression de la Russie contre l\u2019Ukraine\u00a0\u00bb, ainsi que les relations entre leurs deux pays, a pr\u00e9cis\u00e9 le porte-parole allemand. Friedrich Merz et Donald Trump ont d\u00e9j\u00e0 eu plusieurs conversations t\u00e9l\u00e9phoniques.<\/p>\n<p>En raison de l\u2019importance des exportations pour son \u00e9conomie, l\u2019Allemagne est particuli\u00e8rement inqui\u00e8te des r\u00e9percussions de la guerre commerciale lanc\u00e9e par Washington.<\/p>\n<p>La d\u00e9claration du jour<\/p>\n<blockquote class=\"mx-m@xs mx-xxl@md color-ultramarine c-citation\">\n<p class=\"font-weight-regular@xs text-italic font-source-serif-pro text-l@xs c-citation__content\">\u00ab\u00a0\u00ab\u00a0Le gouvernement a adopt\u00e9 un nouveau r\u00e8glement qui renforce le contr\u00f4le des navires \u00e9trangers en exigeant des informations sur leurs assurances\u00a0\u00bb, a d\u00e9clar\u00e9 le gouvernement finlandais dans un communiqu\u00e9. Il \u00ab\u00a0vise \u00e0 lutter contre cette flotte fant\u00f4me et, ce faisant, \u00e0 am\u00e9liorer la s\u00e9curit\u00e9 maritime et la protection de l\u2019environnement\u00a0\u00bb.\u00a0\u00bb<\/p>\n<\/blockquote>\n<p>La flotte fant\u00f4me, me demanderiez-vous\u00a0? Il s\u2019agit du nom donn\u00e9 \u00e0 la flotte clandestine, sans pavillon (ou difficilement tra\u00e7ables), sans assurance, qu\u2019a constitu\u00e9e la <a href=\"https:\/\/www.20minutes.fr\/monde\/russie\/\" class=\"color-ultramarine c-link\" target=\"_blank\" rel=\"noopener\">Russie<\/a> pour exporter son p\u00e9trole ill\u00e9galement, la plupart des sanctions occidentales emp\u00eachant l\u2019achat de l\u2019or noir russe.<\/p>\n<p>Les navires de la \u00ab\u00a0flotte fant\u00f4me\u00a0\u00bb sont r\u00e9guli\u00e8rement accus\u00e9s par les Europ\u00e9ens d\u2019endommager &#8211; volontairement ou non &#8211; des c\u00e2bles sous-marins.<\/p>\n<\/p>\n<p>Le chiffre du jour<\/p>\n<p>11. C\u2019est le nombre de village que les autorit\u00e9s de Soumy, r\u00e9gion du nord-est de l\u2019Ukraine frontali\u00e8re de la Russie, ont annonc\u00e9 \u00e9vacu\u00e9, en raison des \u00ab\u00a0bombardements\u00a0\u00bb, Kiev craignant une offensive russe dans la zone.<\/p>\n<p><a href=\"https:\/\/www.20minutes.fr\/monde\/ukraine\/\" class=\"c-link c-btn c-btn--primary\" target=\"_blank\" rel=\"noopener\">Notre dossier sur la Guerre en Ukraine<\/a>La tendance<\/p>\n<p>Vous l\u2019aurez compris, \u00e7a sent mauvais pour la r\u00e9gion de Soumy. La Russie a revendiqu\u00e9 samedi la prise d\u2019un nouveau village dans la r\u00e9gion et Kiev y craint un assaut d\u2019ampleur. Une attaque \u00e0 grande \u00e9chelle repr\u00e9senterait un d\u00e9fi important pour l\u2019arm\u00e9e ukrainienne, moins bien dot\u00e9e et d\u00e9j\u00e0 en position difficile sur le front. Elle est suspect\u00e9e de vouloir cr\u00e9er une zone tampon pour emp\u00eacher des incursions ukrainiennes sur son territoire, comme l\u2019\u00e9t\u00e9 dernier \u00e0 Koursk.<\/p>\n<p>Plus t\u00f4t cette semaine, le pr\u00e9sident ukrainien Volodymyr Zelensky a affirm\u00e9 que Moscou massait plus de 50.000 soldats en vue d\u2019une possible offensive dans la zone.<\/p>\n","protected":false},"excerpt":{"rendered":"Vous avez rat\u00e9 les derniers \u00e9v\u00e9nements sur la guerre en Ukraine\u00a0? 20 Minutes fait le point pour vous&hellip;\n","protected":false},"author":2,"featured_media":142518,"comment_status":"","ping_status":"","sticky":false,"template":"","format":"standard","meta":{"footnotes":""},"categories":[1591],"tags":[11,8438,75,1887,4710,131,74,12,8013,1885,1886,132,134],"class_list":{"0":"post-142517","1":"post","2":"type-post","3":"status-publish","4":"format-standard","5":"has-post-thumbnail","7":"category-russie","8":"tag-actualites","9":"tag-allemand","10":"tag-donald-trump","11":"tag-federation-de-russie","12":"tag-friedrich-merz","13":"tag-guerre-en-ukraine","14":"tag-monde","15":"tag-news","16":"tag-russe","17":"tag-russia","18":"tag-russian-federation","19":"tag-russie","20":"tag-volodymyr-zelensky"},"share_on_mastodon":{"url":"https:\/\/pubeurope.com\/@fr\/114604458918315086","error":""},"_links":{"self":[{"href":"https:\/\/www.europesays.com\/fr\/wp-json\/wp\/v2\/posts\/142517","targetHints":{"allow":["GET"]}}],"collection":[{"href":"https:\/\/www.europesays.com\/fr\/wp-json\/wp\/v2\/posts"}],"about":[{"href":"https:\/\/www.europesays.com\/fr\/wp-json\/wp\/v2\/types\/post"}],"author":[{"embeddable":true,"href":"https:\/\/www.europesays.com\/fr\/wp-json\/wp\/v2\/users\/2"}],"replies":[{"embeddable":true,"href":"https:\/\/www.europesays.com\/fr\/wp-json\/wp\/v2\/comments?post=142517"}],"version-history":[{"count":0,"href":"https:\/\/www.europesays.com\/fr\/wp-json\/wp\/v2\/posts\/142517\/revisions"}],"wp:featuredmedia":[{"embeddable":true,"href":"https:\/\/www.europesays.com\/fr\/wp-json\/wp\/v2\/media\/142518"}],"wp:attachment":[{"href":"https:\/\/www.europesays.com\/fr\/wp-json\/wp\/v2\/media?parent=142517"}],"wp:term":[{"taxonomy":"category","embeddable":true,"href":"https:\/\/www.europesays.com\/fr\/wp-json\/wp\/v2\/categories?post=142517"},{"taxonomy":"post_tag","embeddable":true,"href":"https:\/\/www.europesays.com\/fr\/wp-json\/wp\/v2\/tags?post=142517"}],"curies":[{"name":"wp","href":"https:\/\/api.w.org\/{rel}","templated":true}]}}