{"id":142519,"date":"2025-05-31T21:00:13","date_gmt":"2025-05-31T21:00:13","guid":{"rendered":"https:\/\/www.europesays.com\/fr\/142519\/"},"modified":"2025-05-31T21:00:13","modified_gmt":"2025-05-31T21:00:13","slug":"les-exportations-a-double-usage-de-la-chine-alimentent-la-guerre-de-la-russie-en-ukraine-liberation","status":"publish","type":"post","link":"https:\/\/www.europesays.com\/fr\/142519\/","title":{"rendered":"\u00abLes exportations \u00e0 double usage de la Chine alimentent la guerre de la Russie\u00bb en Ukraine \u2013 Lib\u00e9ration"},"content":{"rendered":"<p class=\"sc-ksZaOG ehjQrN text-element\">Depuis son entr\u00e9e en fonction en d\u00e9cembre dernier, elle n\u2019avait gu\u00e8re pris le temps d\u2019intervenir sur la sc\u00e8ne asiatique. Ce samedi 31 mai, la <a href=\"https:\/\/www.liberation.fr\/international\/europe\/kaja-kallas-une-femme-venue-de-lest-pour-diriger-la-diplomatie-de-lue-20240627_GPA5FK5BOBECDIPEOUG3V7HASA\/\" target=\"_blank\" rel=\"noopener\" title=\"https:\/\/www.liberation.fr\/international\/europe\/kaja-kallas-une-femme-venue-de-lest-pour-diriger-la-diplomatie-de-lue-20240627_GPA5FK5BOBECDIPEOUG3V7HASA\/\">cheffe de la diplomatie europ\u00e9enne, Kaja Kallas<\/a>, s\u2019est exprim\u00e9e au Shangri-La Dialogue de Singapour, le plus grand forum sur la s\u00e9curit\u00e9 et la d\u00e9fense de la r\u00e9gion pour souligner que l\u2019Europe et l\u2019Asie \u00abpartagent de nombreux d\u00e9fis en mati\u00e8re de s\u00e9curit\u00e9\u00bb. Et pour insister sur les risques que l\u2019alliance Chine-Russie fait peser sur la sc\u00e8ne internationale, quatre-vingts ans apr\u00e8s la fin de la Seconde Guerre mondiale.<\/p>\n<p class=\"sc-ksZaOG ehjQrN text-element\">Comme elle le fait souvent, Kaja Kallas a indiqu\u00e9 qu\u2019en Ukraine, la \u00abRussie men[ait] une guerre d\u2019agression ill\u00e9gale en envahissant un Etat souverain\u00bb. En commen\u00e7ant son discours sur la question ukrainienne, elle a rappel\u00e9 comment des pays d\u2019Asie soutenaient activement l\u2019invasion de l\u2019Ukraine par les troupes de Poutine. \u00abLa Cor\u00e9e du Nord contribue directement \u00e0 l\u2019agression ill\u00e9gale en fournissant des soldats, des armes et des munitions, a dit Kallas devant un parterre d\u2019experts, de militaires et de chefs d\u2019Etat et de gouvernement <a href=\"https:\/\/www.i&lt;\/p&gt;&lt;\/div&gt;&lt;\/article&gt;&lt;\/div&gt;&lt;div data-fusion-lazy-id=\" f0f8vgvlad832fw=\"\"><\/p>\n","protected":false},"excerpt":{"rendered":"Depuis son entr\u00e9e en fonction en d\u00e9cembre dernier, elle n\u2019avait gu\u00e8re pris le temps d\u2019intervenir sur la sc\u00e8ne&hellip;\n","protected":false},"author":2,"featured_media":142520,"comment_status":"","ping_status":"","sticky":false,"template":"","format":"standard","meta":{"footnotes":""},"categories":[1590],"tags":[11,309,16968,1075,1073,1777,674,1074,5229,12,11790,132,22053,220,364,7084],"class_list":{"0":"post-142519","1":"post","2":"type-post","3":"status-publish","4":"format-standard","5":"has-post-thumbnail","7":"category-ukraine","8":"tag-actualites","9":"tag-chine","10":"tag-cybercriminalite","11":"tag-cybersecurite","12":"tag-emmanuel-macron","13":"tag-eu","14":"tag-europe","15":"tag-guerre-commerciale","16":"tag-kaja-kallas","17":"tag-news","18":"tag-republique-tcheque","19":"tag-russie","20":"tag-taiwan","21":"tag-ukraine","22":"tag-union-europeenne","23":"tag-xi-jinping"},"share_on_mastodon":{"url":"https:\/\/pubeurope.com\/@fr\/114604462777392085","error":""},"_links":{"self":[{"href":"https:\/\/www.europesays.com\/fr\/wp-json\/wp\/v2\/posts\/142519","targetHints":{"allow":["GET"]}}],"collection":[{"href":"https:\/\/www.europesays.com\/fr\/wp-json\/wp\/v2\/posts"}],"about":[{"href":"https:\/\/www.europesays.com\/fr\/wp-json\/wp\/v2\/types\/post"}],"author":[{"embeddable":true,"href":"https:\/\/www.europesays.com\/fr\/wp-json\/wp\/v2\/users\/2"}],"replies":[{"embeddable":true,"href":"https:\/\/www.europesays.com\/fr\/wp-json\/wp\/v2\/comments?post=142519"}],"version-history":[{"count":0,"href":"https:\/\/www.europesays.com\/fr\/wp-json\/wp\/v2\/posts\/142519\/revisions"}],"wp:featuredmedia":[{"embeddable":true,"href":"https:\/\/www.europesays.com\/fr\/wp-json\/wp\/v2\/media\/142520"}],"wp:attachment":[{"href":"https:\/\/www.europesays.com\/fr\/wp-json\/wp\/v2\/media?parent=142519"}],"wp:term":[{"taxonomy":"category","embeddable":true,"href":"https:\/\/www.europesays.com\/fr\/wp-json\/wp\/v2\/categories?post=142519"},{"taxonomy":"post_tag","embeddable":true,"href":"https:\/\/www.europesays.com\/fr\/wp-json\/wp\/v2\/tags?post=142519"}],"curies":[{"name":"wp","href":"https:\/\/api.w.org\/{rel}","templated":true}]}}