{"id":142523,"date":"2025-05-31T21:02:17","date_gmt":"2025-05-31T21:02:17","guid":{"rendered":"https:\/\/www.europesays.com\/fr\/142523\/"},"modified":"2025-05-31T21:02:17","modified_gmt":"2025-05-31T21:02:17","slug":"le-royaume-uni-compte-plus-dhabitants-que-la-france","status":"publish","type":"post","link":"https:\/\/www.europesays.com\/fr\/142523\/","title":{"rendered":"Le Royaume-Uni compte plus d\u2019habitants que la France"},"content":{"rendered":"\n<p>\u201cSelon les Nations unies, la croissance d\u00e9mographique de 63\u00a0\u00c9tats \u00e0 travers le monde a d\u00e9j\u00e0 atteint son pic.\u201d Le Royaume-Uni n\u2019en fait pas partie, <a class=\"ithalc\" data-ithal=\"lien_externe\" data-ithalc=\"[nav_article]\" target=\"_blank\" href=\"https:\/\/www.thetimes.com\/article\/3dcf136b-7c95-4216-aa0b-3b9fde724dcb\" rel=\"nofollow noopener\">constate le quotidien<strong> The Times<\/strong><\/a><strong>. <\/strong>Avec 68,3\u00a0millions d\u2019habitants \u00e0 la mi-2023, le pays a d\u00e9pass\u00e9 la France (68,2\u00a0millions) pour la premi\u00e8re fois de l\u2019histoire r\u00e9cente, petit s\u00e9isme pour un territoire deux fois plus petit que l\u2019Hexagone.<\/p>\n<p>\u201cLa densit\u00e9 de population est d\u00e9sormais \u00e9valu\u00e9e \u00e0 environ 287\u00a0personnes par kilom\u00e8tre carr\u00e9, contre 124\u00a0pour la France\u201d, <a class=\"ithalc\" data-ithal=\"lien_externe\" data-ithalc=\"[nav_article]\" target=\"_blank\" href=\"https:\/\/www.thesun.co.uk\/news\/33061176\/rampant-immigration-uk-population-10million-growth\/\" rel=\"nofollow noopener\">pr\u00e9cise le tablo\u00efd <strong>The Sun<\/strong><\/a><strong>.<\/strong> Et la tendance devrait s\u2019accentuer encore dans les ann\u00e9es \u00e0 venir\u00a0: d\u2019ici \u00e0 2032, le Royaume-Uni pourrait compter 72,5\u00a0millions d\u2019habitants, selon les projections de l\u2019Office for National Statistics (ONS, l\u2019\u00e9quivalent de l\u2019Insee en France), soit trois millions de plus que l\u2019Hexagone.<\/p>\n<p>\u201cDes pays comme l\u2019Italie, le Japon et la Cor\u00e9e du Sud sont aux prises avec une natalit\u00e9 en chute libre\u00a0: ici, les perspectives d\u00e9mographiques sont meilleures, mais elles posent des questions d\u2019une autre nature\u201d, souligne le Times. Car dans les ann\u00e9es \u00e0 venir, le nombre de naissances et de d\u00e9c\u00e8s devrait s\u2019a<\/p>\n","protected":false},"excerpt":{"rendered":"\u201cSelon les Nations unies, la croissance d\u00e9mographique de 63\u00a0\u00c9tats \u00e0 travers le monde a d\u00e9j\u00e0 atteint son pic.\u201d&hellip;\n","protected":false},"author":2,"featured_media":142524,"comment_status":"","ping_status":"","sticky":false,"template":"","format":"standard","meta":{"footnotes":""},"categories":[1588],"tags":[11,13029,1777,674,27,1061,12,473,1853,1857,1851,1850,1852],"class_list":{"0":"post-142523","1":"post","2":"type-post","3":"status-publish","4":"format-standard","5":"has-post-thumbnail","7":"category-royaume-uni","8":"tag-actualites","9":"tag-du00e9mographie","10":"tag-eu","11":"tag-europe","12":"tag-france","13":"tag-immigration","14":"tag-news","15":"tag-royaume-uni","16":"tag-royaume-uni-de-grande-bretagne-et-dirlande-du-nord","17":"tag-sociu00e9tu00e9","18":"tag-uk","19":"tag-united-kingdom","20":"tag-united-kingdom-of-great-britain-and-northern-ireland"},"share_on_mastodon":{"url":"https:\/\/pubeurope.com\/@fr\/114604470660262675","error":""},"_links":{"self":[{"href":"https:\/\/www.europesays.com\/fr\/wp-json\/wp\/v2\/posts\/142523","targetHints":{"allow":["GET"]}}],"collection":[{"href":"https:\/\/www.europesays.com\/fr\/wp-json\/wp\/v2\/posts"}],"about":[{"href":"https:\/\/www.europesays.com\/fr\/wp-json\/wp\/v2\/types\/post"}],"author":[{"embeddable":true,"href":"https:\/\/www.europesays.com\/fr\/wp-json\/wp\/v2\/users\/2"}],"replies":[{"embeddable":true,"href":"https:\/\/www.europesays.com\/fr\/wp-json\/wp\/v2\/comments?post=142523"}],"version-history":[{"count":0,"href":"https:\/\/www.europesays.com\/fr\/wp-json\/wp\/v2\/posts\/142523\/revisions"}],"wp:featuredmedia":[{"embeddable":true,"href":"https:\/\/www.europesays.com\/fr\/wp-json\/wp\/v2\/media\/142524"}],"wp:attachment":[{"href":"https:\/\/www.europesays.com\/fr\/wp-json\/wp\/v2\/media?parent=142523"}],"wp:term":[{"taxonomy":"category","embeddable":true,"href":"https:\/\/www.europesays.com\/fr\/wp-json\/wp\/v2\/categories?post=142523"},{"taxonomy":"post_tag","embeddable":true,"href":"https:\/\/www.europesays.com\/fr\/wp-json\/wp\/v2\/tags?post=142523"}],"curies":[{"name":"wp","href":"https:\/\/api.w.org\/{rel}","templated":true}]}}