{"id":142548,"date":"2025-05-31T21:18:09","date_gmt":"2025-05-31T21:18:09","guid":{"rendered":"https:\/\/www.europesays.com\/fr\/142548\/"},"modified":"2025-05-31T21:18:09","modified_gmt":"2025-05-31T21:18:09","slug":"laurent-gerra-sa-seconde-vie-revelee-isabelle-adjani-completement-fan","status":"publish","type":"post","link":"https:\/\/www.europesays.com\/fr\/142548\/","title":{"rendered":"Laurent Gerra : sa seconde vie r\u00e9v\u00e9l\u00e9e, Isabelle Adjani compl\u00e8tement fan"},"content":{"rendered":"<p>      R\u00e9sum\u00e9<\/p>\n<p>Laurent Gerra s\u2019est investi dans la restauration fran\u00e7aise, poss\u00e9dant plusieurs adresses r\u00e9unissant amis c\u00e9l\u00e8bres et passion pour la gastronomie, tout en pr\u00e9parant un prime anniversaire sur France 2.<\/p>\n<p>        Sommaire<\/p>\n<p>Laurent Gerra n&rsquo;est pas qu&rsquo;humoriste et imitateur. Quand il n&rsquo;est pas sur sc\u00e8ne, le quinquag\u00e9naire est un <strong>brillant homme d&rsquo;affaires<\/strong>. Passionn\u00e9 par la gastronomie fran\u00e7aise, Laurent Gerra investit depuis plusieurs ann\u00e9es dans de nombreux troquets, restaurants, bistrots et autres bouchons lyonnais. <strong>A la t\u00eate de plusieurs adresses \u00e0 Paris comme \u00e0 Lyon<\/strong> mais \u00e9galement dans le sud de la France, l&rsquo;humoriste peut compter sur le soutien de ses amis du show-biz pour l&rsquo;inauguration de ces jolis havres de paix.<\/p>\n<p>Il y a quelques ann\u00e9es, en 2019, Laurent Gerra s&rsquo;est offert le restaurant du L\u00e9on de Lyon. Il l&rsquo;a rachet\u00e9 au chef Jean-Paul Lacombe, qui craignait que son \u00e9tablissement devienne un supermarch\u00e9. L&rsquo;imitateur le lui a rachet\u00e9, et cartonne depuis : \u00ab\u00a0On l&rsquo;a repris. J&rsquo;ai un chef formidable, Kim Logassi, un Savoyard d\u2019origine cor\u00e9enne, bosseur, angoiss\u00e9, perfectionniste\u00a0\u00bb confie-t-il. Mais mieux encore, <strong>Laurent Gerra a pu compter sur de prestigieuses<\/strong> <strong>stars<\/strong> pour inaugurer ce lieu.<\/p>\n<p>Sa passion folle pour la bonne bouffe \u00e0 la fran\u00e7aise<\/p>\n<p><strong>\u00ab\u00a0Isabelle Adjani\u00a0est venue \u00e0 l\u2019ouverture\u00a0\u00bb<\/strong> r\u00e9v\u00e8le ainsi <a href=\"https:\/\/www.public.fr\/virginie-lemoine-il-n-y-a-aucune-misogynie-chez-laurent\" target=\"_blank\" rel=\"noopener\">l&rsquo;ex de Virginie Lemoine<\/a>. L&rsquo;actrice a \u00e9t\u00e9 conquise par le restaurant, regrettant m\u00eame que de belles adresses comme celle-ci aient quitt\u00e9 Paris. \u00ab\u00a0<strong>Elle m\u2019a dit qu\u2019il n\u2019existait plus d\u2019endroit comme \u00e7a \u00e0 Paris, et en plus sans musique !<\/strong>\u00a0\u00bb a ainsi poursuivi celui qui s&rsquo;est \u00e9galement essay\u00e9 \u00e0 la com\u00e9die pour France T\u00e9l\u00e9 il y a quelques mois.<\/p>\n<p>Laurent Gerra r\u00e9v\u00e8le avoir re\u00e7u la visite d&rsquo;autres personnalit\u00e9s, comme l&rsquo;acteur franco-su\u00e9dois\u00a0<strong>Max von Sydow<\/strong> et le r\u00e9alisateur <strong>Bertrand Tavernier<\/strong>. \u00ab\u00a0Il m\u2019avait offert le livre de Brillat-Savarin, La Physiologie du go\u00fbt, d\u2019o\u00f9 est d\u2019ailleurs tir\u00e9 le titre de votre rubrique, Dis-moi ce que tu manges, je te dirai ce que tu es\u00a0\u00bb explique le g\u00e9rant et propri\u00e9taire.<\/p>\n<p>La m\u00e8re de Laurent Gerra n&rsquo;y est pas pour rien<\/p>\n<p>Laurent Gerra a toujours v\u00e9cu dans le monde de la cuisine. En effet, si son p\u00e8re travaillait dans la fanfare, sa m\u00e8re, elle, <strong>a travaill\u00e9 comme serveuse pour Georges Blanc<\/strong>, dans l&rsquo;Ain. \u00ab\u00a0C&rsquo;est toujours un ami\u00a0\u00bb confie l&rsquo;humoriste, qui a peut-\u00eatre \u00e9galement assist\u00e9 <a href=\"https:\/\/www.public.fr\/georges-blanc-a-82-ans-le-chef-etoile-sest-marie\" target=\"_blank\" rel=\"noopener\">\u00e0 son mariage ce vendredi 30 mai<\/a>, \u00e0 82 ans.<\/p>\n<p>Ce samedi 7 juin prochain, Laurent Gerra aura les honneurs d&rsquo;un grand prime sur France 2 baptis\u00e9e L&rsquo;anniversaire \u00e9v\u00e8nement. <strong>St\u00e9phane Bern c\u00e9l\u00e8brera les 35 ans de carri\u00e8re<\/strong> de l&rsquo;humoriste depuis le Th\u00e9\u00e2tre Marigny. Il sera ainsi accompagn\u00e9 de nombreux invit\u00e9s comme <a href=\"https:\/\/www.public.fr\/tag\/benjamin-castaldi\" target=\"_blank\" rel=\"noopener\">Benjamin Castaldi<\/a>, Carla Bruni-Sarkozy, <strong>Lara Fabian<\/strong> ou encore Jack Lang.<\/p>\n<p>      Mentionn\u00e9s dans cet article<\/p>\n<p>\u00c0 lire aussi<\/p>\n","protected":false},"excerpt":{"rendered":"R\u00e9sum\u00e9 Laurent Gerra s\u2019est investi dans la restauration fran\u00e7aise, poss\u00e9dant plusieurs adresses r\u00e9unissant amis c\u00e9l\u00e8bres et passion pour&hellip;\n","protected":false},"author":2,"featured_media":142549,"comment_status":"","ping_status":"","sticky":false,"template":"","format":"standard","meta":{"footnotes":""},"categories":[1359],"tags":[58,59,1011,27,27053,6098,973,1340],"class_list":{"0":"post-142548","1":"post","2":"type-post","3":"status-publish","4":"format-standard","5":"has-post-thumbnail","7":"category-people","8":"tag-divertissement","9":"tag-entertainment","10":"tag-fr","11":"tag-france","12":"tag-isabelle-adjani","13":"tag-laurent-gerra","14":"tag-people","15":"tag-restaurant"},"share_on_mastodon":{"url":"https:\/\/pubeurope.com\/@fr\/114604533549920599","error":""},"_links":{"self":[{"href":"https:\/\/www.europesays.com\/fr\/wp-json\/wp\/v2\/posts\/142548","targetHints":{"allow":["GET"]}}],"collection":[{"href":"https:\/\/www.europesays.com\/fr\/wp-json\/wp\/v2\/posts"}],"about":[{"href":"https:\/\/www.europesays.com\/fr\/wp-json\/wp\/v2\/types\/post"}],"author":[{"embeddable":true,"href":"https:\/\/www.europesays.com\/fr\/wp-json\/wp\/v2\/users\/2"}],"replies":[{"embeddable":true,"href":"https:\/\/www.europesays.com\/fr\/wp-json\/wp\/v2\/comments?post=142548"}],"version-history":[{"count":0,"href":"https:\/\/www.europesays.com\/fr\/wp-json\/wp\/v2\/posts\/142548\/revisions"}],"wp:featuredmedia":[{"embeddable":true,"href":"https:\/\/www.europesays.com\/fr\/wp-json\/wp\/v2\/media\/142549"}],"wp:attachment":[{"href":"https:\/\/www.europesays.com\/fr\/wp-json\/wp\/v2\/media?parent=142548"}],"wp:term":[{"taxonomy":"category","embeddable":true,"href":"https:\/\/www.europesays.com\/fr\/wp-json\/wp\/v2\/categories?post=142548"},{"taxonomy":"post_tag","embeddable":true,"href":"https:\/\/www.europesays.com\/fr\/wp-json\/wp\/v2\/tags?post=142548"}],"curies":[{"name":"wp","href":"https:\/\/api.w.org\/{rel}","templated":true}]}}