{"id":142550,"date":"2025-05-31T21:19:09","date_gmt":"2025-05-31T21:19:09","guid":{"rendered":"https:\/\/www.europesays.com\/fr\/142550\/"},"modified":"2025-05-31T21:19:09","modified_gmt":"2025-05-31T21:19:09","slug":"ces-habitues-de-la-grande-tromenie-a-locronan-invitent-a-la-decouvrir-par-le-prisme-de-la-photographie-vendredi-6-juin","status":"publish","type":"post","link":"https:\/\/www.europesays.com\/fr\/142550\/","title":{"rendered":"Ces habitu\u00e9s de la Grande Trom\u00e9nie, \u00e0 Locronan, invitent \u00e0 la d\u00e9couvrir par le prisme de la photographie, vendredi 6\u00a0juin"},"content":{"rendered":"<p>\u00ab\u00a0La grande Trom\u00e9nie de Locronan est l\u2019\u00e9v\u00e9nement religieux qui attire le plus d\u2019artistes en Bretagne. Avec Fa\u00f1ch, nous avions d\u00e9j\u00e0 explor\u00e9 la vision des peintres dans un livre paru en 2013 intitul\u00e9 \u00ab\u00a0Locronan, la Trom\u00e9nie et les peintres\u00a0\u00bb. Aujourd\u2019hui c\u2019est par le prisme de la photographie que nous souhaitons \u00e9clairer cet \u00e9v\u00e9nement\u00a0\u00bb, s\u2019explique Armel Morgant, qui, avec Fa\u00f1ch Le H\u00e9naff, propose une plong\u00e9e dans l\u2019histoire de la grande Trom\u00e9nie de Locronan, \u00e0 travers l\u2019objectif de photographes du XXe si\u00e8cle.<\/p>\n<p>Quelle est la relation des photographes avec ce rituel\u00a0? Quel regard ont-ils port\u00e9\u00a0? C\u2019est le fil directeur de la r\u00e9flexion de ces 2 chercheurs amateurs\u00a0: \u00ab\u00a0Nous ne sommes pas du tout scientifiques, ni sp\u00e9cialistes, pr\u00e9cise Fa\u00f1ch Le H\u00e9naff. Je suis locronanais, je participe \u00e0 la Grande Trom\u00e9nie depuis que j\u2019ai 4 ans. Quant \u00e0 Armel, c\u2019est un breton revenu aux sources tomb\u00e9 dans la grande Trom\u00e9nie en 1989 et qui n\u2019en est jamais ressorti. C\u2019est un rituel qui marque\u00a0\u00bb.<\/p>\n<p>Un autre regard sur la Grande Trom\u00e9nie<\/p>\n<p>Le troisi\u00e8me protagoniste de cette \u00e9tude, que les deux conf\u00e9renciers ont bien connu, ne sera pas pr\u00e9sent \u00e0 la conf\u00e9rence, son travail et sa m\u00e9moire seront pourtant bien l\u00e0. Il s\u2019agit de Donatien Laurent, ethnologue et grand sp\u00e9cialiste de la tradition orale bretonne. Il a men\u00e9 des recherches sur la Grande Trom\u00e9nie, mettant en \u00e9vidence des croyances tr\u00e8s anciennes associ\u00e9es au calendrier celtique, le tout a \u00e9t\u00e9 int\u00e9gr\u00e9 au culte chr\u00e9tien par Saint-Ronan. D\u2019autochromes datant de 1905, en passant par les premiers tirages en couleur vers 1929, et les photos de grands noms tels que Jos, Gestin, Samson, Banide, Le Doar\u00e9, \u00e0 travers 170 clich\u00e9s, il s\u2019agit bien de poser un \u0153il nouveau sur la Grande Trom\u00e9nie de Locronan.<\/p>\n<p><b>Pratique<\/b><\/p>\n<p class=\"note\">Conf\u00e9rence organis\u00e9e \u00e0 l\u2019initiative de l\u2019association Locronan, vie et tradition \u00ab\u00a0Lokorn, buhez hag hengoun\u00a0\u00bb, salle Ti lokorn \u00e0 Locronan, vendredi 6 juin \u00e0 20\u00a0h\u00a030, entr\u00e9e gratuite.<\/p>\n","protected":false},"excerpt":{"rendered":"\u00ab\u00a0La grande Trom\u00e9nie de Locronan est l\u2019\u00e9v\u00e9nement religieux qui attire le plus d\u2019artistes en Bretagne. Avec Fa\u00f1ch, nous&hellip;\n","protected":false},"author":2,"featured_media":142551,"comment_status":"","ping_status":"","sticky":false,"template":"","format":"standard","meta":{"footnotes":""},"categories":[1358],"tags":[1063,1348,1384,1385,1386,58,59,1011,27,8318,1393,3319],"class_list":{"0":"post-142550","1":"post","2":"type-post","3":"status-publish","4":"format-standard","5":"has-post-thumbnail","7":"category-arts-et-design","8":"tag-animations","9":"tag-arts","10":"tag-arts-and-design","11":"tag-arts-et-design","12":"tag-design","13":"tag-divertissement","14":"tag-entertainment","15":"tag-fr","16":"tag-france","17":"tag-locronan","18":"tag-loisirs","19":"tag-quimper"},"share_on_mastodon":{"url":"https:\/\/pubeurope.com\/@fr\/114604537469775922","error":""},"_links":{"self":[{"href":"https:\/\/www.europesays.com\/fr\/wp-json\/wp\/v2\/posts\/142550","targetHints":{"allow":["GET"]}}],"collection":[{"href":"https:\/\/www.europesays.com\/fr\/wp-json\/wp\/v2\/posts"}],"about":[{"href":"https:\/\/www.europesays.com\/fr\/wp-json\/wp\/v2\/types\/post"}],"author":[{"embeddable":true,"href":"https:\/\/www.europesays.com\/fr\/wp-json\/wp\/v2\/users\/2"}],"replies":[{"embeddable":true,"href":"https:\/\/www.europesays.com\/fr\/wp-json\/wp\/v2\/comments?post=142550"}],"version-history":[{"count":0,"href":"https:\/\/www.europesays.com\/fr\/wp-json\/wp\/v2\/posts\/142550\/revisions"}],"wp:featuredmedia":[{"embeddable":true,"href":"https:\/\/www.europesays.com\/fr\/wp-json\/wp\/v2\/media\/142551"}],"wp:attachment":[{"href":"https:\/\/www.europesays.com\/fr\/wp-json\/wp\/v2\/media?parent=142550"}],"wp:term":[{"taxonomy":"category","embeddable":true,"href":"https:\/\/www.europesays.com\/fr\/wp-json\/wp\/v2\/categories?post=142550"},{"taxonomy":"post_tag","embeddable":true,"href":"https:\/\/www.europesays.com\/fr\/wp-json\/wp\/v2\/tags?post=142550"}],"curies":[{"name":"wp","href":"https:\/\/api.w.org\/{rel}","templated":true}]}}