{"id":142558,"date":"2025-05-31T21:23:26","date_gmt":"2025-05-31T21:23:26","guid":{"rendered":"https:\/\/www.europesays.com\/fr\/142558\/"},"modified":"2025-05-31T21:23:26","modified_gmt":"2025-05-31T21:23:26","slug":"pourquoi-ce-film-est-totalement-fascinant","status":"publish","type":"post","link":"https:\/\/www.europesays.com\/fr\/142558\/","title":{"rendered":"pourquoi ce film est totalement fascinant"},"content":{"rendered":"<p>            Par<br \/>\n        <strong><br \/>\n            <a href=\"https:\/\/actu.fr\/auteur\/redaction-toulouse\" title=\"Consulter tous les articles de R\u00e9daction de Toulouse\" rel=\"nofollow noopener\" target=\"_blank\">R\u00e9daction de Toulouse<\/a><br \/>\n        <\/strong><\/p>\n<p>        Publi\u00e9 le<\/p>\n<p>            31 mai 2025 \u00e0 16h32        <\/p>\n<p>Alors qu\u2019il est Pr\u00e9sident de l\u2019Association des victimes espagnoles de l\u2019Holocauste, Enric Marco est accus\u00e9 d\u2019affabulation. Il n\u2019aurait jamais \u00e9t\u00e9 d\u00e9port\u00e9 ! Une comm\u00e9moration internationale se pr\u00e9pare \u00e0 laquelle les plus hautes autorit\u00e9s participeront\u2026<\/p>\n<p>Un biopic fruit de 20 ans de travail\u00a0<\/p>\n<p class=\" wall-content\">Aitor Arregi et Jon Garano, auxquels nous devons d\u00e9j\u00e0 Une Vie secr\u00e8te (2020), ont mis vingt ans \u00e0 construire ce film. Gr\u00e2ce \u00e0 la lecture de L\u2019Imposteur de Javier Cercas, ils se d\u00e9cident \u00e0 r\u00e9aliser l\u2019impossible \u00ab biopic \u00bb de ce mystificateur cherchant la lumi\u00e8re. Au d\u00e9but ce fut un documentaire, puis un docu-fiction et finalement une fiction pure qui nous trace le portrait d\u2019un personnage hybride, tout \u00e0 la fois le Marco r\u00e9el et celui qu\u2019il s\u2019est invent\u00e9.<\/p>\n<p class=\" wall-content\">Un petit monsieur rondouillard nanti d\u2019une moustache qu\u2019il se teint en noir r\u00e9guli\u00e8rement tel un acteur refusant des ans\u2026, tel nous appara\u00eet Enric Marco. Nous le croisons dans un premier temps alors qu\u2019il supplie un archiviste du camp de concentration de Flossenb\u00fcrg de lui d\u00e9livrer un certificat officiel de sa d\u00e9portation dans ce lieu. Il ne se souvient de rien, y compris de son num\u00e9ro matricule. L\u2019archiviste a beau consulter ses documents, aucun Marco n\u2019appara\u00eet. J\u2019ai donn\u00e9 un autre nom, pr\u00e9tend Marco. Rien \u00e0 faire. Marco revient en Espagne et continue ses \u00e9missions, ses interventions dans les \u00e9coles afin de porter le t\u00e9moignage de l\u2019horreur nazie\u2026 qu\u2019il n\u2019a jamais connue. Figure de proue de cet activisme au demeurant plus que louable, Marco finit par interpeller un historien, Benito Bermejo. C\u2019est ce dernier qui va mettre au jour la supercherie en 2005.<\/p>\n<p>Un film totalement fascinant\u00a0<\/p>\n<p class=\" wall-content\">Ce film sur la manipulation est totalement fascinant. Il nous parle d\u00e9j\u00e0 de fake news et de ce ph\u00e9nom\u00e8ne que l\u2019on nomme \u00ab post v\u00e9rit\u00e9 \u00bb, cette mani\u00e8re de vendre une histoire en m\u00ealant le vrai au mensonge. Les r\u00e9seaux sociaux actuels en font leur miel.<\/p>\n<p class=\" wall-content\">Port\u00e9 intens\u00e9ment par un acteur exceptionnel : Eduard Fern\u00e1ndez, ce film, au montage aussi serr\u00e9 que virtuose, est un miroir hallucinant dirig\u00e9 sur certains acteurs de l\u2019Histoire qui furent avant tout et parfois seulement de v\u00e9ritables mais faux acteurs\u2026 de cin\u00e9ma.<\/p>\n<p>Vid\u00e9os : en ce moment sur Actu<\/p>\n<p class=\" wall-content\"><strong>Robert P\u00e9navayre<\/strong><\/p>\n<p>Marco, l\u2019\u00e9nigme d\u2019une vie, un film de Aitor Arregi et Jon Garano<\/p>\n<p class=\" wall-content\">Suivez toute l\u2019actualit\u00e9 de vos villes et m\u00e9dias favoris en vous inscrivant \u00e0 <a href=\"https:\/\/moncompte.actu.fr\" title=\"D\u00e9couvez Mon Actu\" rel=\"nofollow noopener\" data-trk=\"{&quot;cta&quot;:{&quot;action&quot;:&quot;https:\\\/\\\/moncompte.actu.fr&quot;,&quot;category&quot;:&quot;mon compte&quot;,&quot;from&quot;:&quot;article footer&quot;,&quot;name&quot;:&quot;Mon actu&quot;,&quot;type&quot;:&quot;cta&quot;}}\" target=\"_blank\">Mon Actu<\/a>.<\/p>\n","protected":false},"excerpt":{"rendered":"Par R\u00e9daction de Toulouse Publi\u00e9 le 31 mai 2025 \u00e0 16h32 Alors qu\u2019il est Pr\u00e9sident de l\u2019Association des&hellip;\n","protected":false},"author":2,"featured_media":142559,"comment_status":"","ping_status":"","sticky":false,"template":"","format":"standard","meta":{"footnotes":""},"categories":[1354],"tags":[650,58,59,1346,1011,27,1652,1360],"class_list":{"0":"post-142558","1":"post","2":"type-post","3":"status-publish","4":"format-standard","5":"has-post-thumbnail","7":"category-films","8":"tag-cinema","9":"tag-divertissement","10":"tag-entertainment","11":"tag-films","12":"tag-fr","13":"tag-france","14":"tag-loisirs-culture","15":"tag-movies"},"share_on_mastodon":{"url":"https:\/\/pubeurope.com\/@fr\/114604553410757523","error":""},"_links":{"self":[{"href":"https:\/\/www.europesays.com\/fr\/wp-json\/wp\/v2\/posts\/142558","targetHints":{"allow":["GET"]}}],"collection":[{"href":"https:\/\/www.europesays.com\/fr\/wp-json\/wp\/v2\/posts"}],"about":[{"href":"https:\/\/www.europesays.com\/fr\/wp-json\/wp\/v2\/types\/post"}],"author":[{"embeddable":true,"href":"https:\/\/www.europesays.com\/fr\/wp-json\/wp\/v2\/users\/2"}],"replies":[{"embeddable":true,"href":"https:\/\/www.europesays.com\/fr\/wp-json\/wp\/v2\/comments?post=142558"}],"version-history":[{"count":0,"href":"https:\/\/www.europesays.com\/fr\/wp-json\/wp\/v2\/posts\/142558\/revisions"}],"wp:featuredmedia":[{"embeddable":true,"href":"https:\/\/www.europesays.com\/fr\/wp-json\/wp\/v2\/media\/142559"}],"wp:attachment":[{"href":"https:\/\/www.europesays.com\/fr\/wp-json\/wp\/v2\/media?parent=142558"}],"wp:term":[{"taxonomy":"category","embeddable":true,"href":"https:\/\/www.europesays.com\/fr\/wp-json\/wp\/v2\/categories?post=142558"},{"taxonomy":"post_tag","embeddable":true,"href":"https:\/\/www.europesays.com\/fr\/wp-json\/wp\/v2\/tags?post=142558"}],"curies":[{"name":"wp","href":"https:\/\/api.w.org\/{rel}","templated":true}]}}