{"id":142564,"date":"2025-05-31T21:26:09","date_gmt":"2025-05-31T21:26:09","guid":{"rendered":"https:\/\/www.europesays.com\/fr\/142564\/"},"modified":"2025-05-31T21:26:09","modified_gmt":"2025-05-31T21:26:09","slug":"aurelie-casse-destabilise-eric-dupond-moretti-dans-c-lhebdo","status":"publish","type":"post","link":"https:\/\/www.europesays.com\/fr\/142564\/","title":{"rendered":"Aur\u00e9lie Casse d\u00e9stabilise \u00c9ric Dupond-Moretti dans \u00abC l\u2019hebdo\u00bb"},"content":{"rendered":"<p>La journaliste a os\u00e9 poser la question qui aurait pu f\u00e2cher l\u2019ancien Garde des Sceaux, ce samedi dans le talk-show de France 5.<\/p>\n<p class=\"fig-paragraph\">Avant de devenir ministre de la Justice en 2020, puis plus r\u00e9cemment com\u00e9dien, il \u00e9tait surnomm\u00e9 \u00abAcquittator\u00bb ou \u00abL\u2019Orgre du Nord\u00bb.\u00a0<a href=\"http:\/\/tvmag.lefigaro.fr\/eric-dupond-moretti-fait-debat-20250519\" target=\"_blank\" data-fig-type=\"Article\" rel=\"noopener\" data-gtm-custom-categorie=\"navigation\" data-gtm-custom-action=\"crossclick\" data-gtm-custom-label=\"Contextuel\" data-gtm-event=\"customEventSPE\" data-fig-domain=\"TVMAG\">\u00c9ric Dupond-Moretti<\/a>\u00a0est confront\u00e9 par\u00a0<a href=\"http:\/\/tvmag.lefigaro.fr\/programme-tv\/actu-tele\/j-aime-le-contact-jacques-legros-et-aurelie-casse-rejouent-la-scene-de-la-poterie-de-ghost-20250412\" target=\"_blank\" data-fig-type=\"Article\" rel=\"noopener\" data-gtm-custom-categorie=\"navigation\" data-gtm-custom-action=\"crossclick\" data-gtm-custom-label=\"Contextuel\" data-gtm-event=\"customEventSPE\" data-fig-domain=\"TVMAG\">Aur\u00e9lie Casse<\/a>\u00a0\u00e0 son pass\u00e9 d\u2019avocat ce samedi 31 mai dans \u00abC l\u2019hebdo\u00bb<\/p>\n<p class=\"fig-paragraph\">\u00abEst-ce que \u00e7a vous manque de plaider\u00a0?\u00bb, questionne la journaliste avant de surench\u00e9rir face \u00e0 son invit\u00e9\u00a0: \u00abEst-ce que vous n\u2019\u00e9tiez peut-\u00eatre pas plus utile \u00e0 cet endroit-l\u00e0\u00a0?\u00bb Eric Dupond-Moretti accuse le coup et r\u00e9pond en riant\u00a0: \u00abC\u2019est d\u2019une grande violence cette question.\u00bb<\/p>\n<p class=\"fig-paragraph\">\u00abJ\u2019ai essay\u00e9 d\u2019\u00eatre utile \u00e0 la justice de mon pays. J\u2019estime que j\u2019ai un bilan cons\u00e9quent. Tout ne peut pas \u00eatre fait, cela va de soi. Sur le plan personnel, non, je ne regrette pas cette p\u00e9riode de ma vie. D\u2019ailleurs rien ne dit que je n\u2019y retournerai pas un jour\u00bb, assure-t-il.<\/p>\n<blockquote class=\"fig-quote&#10;    \">\n<p class=\"fig-quote__text\">Au th\u00e9\u00e2tre aussi vous avez le trac, mais ce ne sont pas les m\u00eames enjeux.<\/p>\n<p>            Eric Dupond-Moretti dans \u00abC l\u2019hebdo\u00bb\n    <\/p><\/blockquote>\n<p class=\"fig-paragraph\">L\u2019ancien Garde des Sceaux partage ensuite quelques souvenirs dans le talk-show du week-end de France 5. Il \u00e9tait dans un tel \u00e9tat d\u2019anxi\u00e9t\u00e9 avant de plaider, \u00abpris par le trac\u00bb, que cela le faisait vomir. \u00ab\u00c7a a dur\u00e9 10 ans\u00bb, se rappelle-t-il avant d\u2019ajouter\u00a0: \u00abj\u2019avais trouv\u00e9 une solution, c\u2019est de manger avant de plaider. Je ne vais pas entrer dans le d\u00e9tail, mais je trouvais \u00e7a moins douloureux ensuite.\u00bb<\/p>\n<p class=\"fig-paragraph\">\u00abAu th\u00e9\u00e2tre aussi vous avez le trac, mais ce ne sont pas les m\u00eames enjeux. Qu\u2019est-ce que vous risquez au fond\u00a0? Les hu\u00e9es du public, un cageot de tomates. L\u00e0 on parle de libert\u00e9, d\u2019honneur de ceux qui sont derri\u00e8re dans le box. En termes d\u2019enjeux, \u00e7a n\u2019a strictement rien \u00e0 voir\u00bb, explique Eric Dupond-Moretti.<\/p>\n","protected":false},"excerpt":{"rendered":"La journaliste a os\u00e9 poser la question qui aurait pu f\u00e2cher l\u2019ancien Garde des Sceaux, ce samedi dans&hellip;\n","protected":false},"author":2,"featured_media":142565,"comment_status":"","ping_status":"","sticky":false,"template":"","format":"standard","meta":{"footnotes":""},"categories":[8],"tags":[497,496,499,58,59,10222,1011,27,4467,500,504,505,495,503,502,501,498],"class_list":{"0":"post-142564","1":"post","2":"type-post","3":"status-publish","4":"format-standard","5":"has-post-thumbnail","7":"category-divertissement","8":"tag-actu-tv","9":"tag-actualite-tv","10":"tag-buzz-tv","11":"tag-divertissement","12":"tag-entertainment","13":"tag-eric-dupond-moretti","14":"tag-fr","15":"tag-france","16":"tag-france-5","17":"tag-medias","18":"tag-news-tele","19":"tag-news-television","20":"tag-news-tv","21":"tag-programme-tele","22":"tag-programme-tv","23":"tag-quiz-tv","24":"tag-tv-actu"},"share_on_mastodon":{"url":"https:\/\/pubeurope.com\/@fr\/114604565028592234","error":""},"_links":{"self":[{"href":"https:\/\/www.europesays.com\/fr\/wp-json\/wp\/v2\/posts\/142564","targetHints":{"allow":["GET"]}}],"collection":[{"href":"https:\/\/www.europesays.com\/fr\/wp-json\/wp\/v2\/posts"}],"about":[{"href":"https:\/\/www.europesays.com\/fr\/wp-json\/wp\/v2\/types\/post"}],"author":[{"embeddable":true,"href":"https:\/\/www.europesays.com\/fr\/wp-json\/wp\/v2\/users\/2"}],"replies":[{"embeddable":true,"href":"https:\/\/www.europesays.com\/fr\/wp-json\/wp\/v2\/comments?post=142564"}],"version-history":[{"count":0,"href":"https:\/\/www.europesays.com\/fr\/wp-json\/wp\/v2\/posts\/142564\/revisions"}],"wp:featuredmedia":[{"embeddable":true,"href":"https:\/\/www.europesays.com\/fr\/wp-json\/wp\/v2\/media\/142565"}],"wp:attachment":[{"href":"https:\/\/www.europesays.com\/fr\/wp-json\/wp\/v2\/media?parent=142564"}],"wp:term":[{"taxonomy":"category","embeddable":true,"href":"https:\/\/www.europesays.com\/fr\/wp-json\/wp\/v2\/categories?post=142564"},{"taxonomy":"post_tag","embeddable":true,"href":"https:\/\/www.europesays.com\/fr\/wp-json\/wp\/v2\/tags?post=142564"}],"curies":[{"name":"wp","href":"https:\/\/api.w.org\/{rel}","templated":true}]}}