{"id":142572,"date":"2025-05-31T21:31:08","date_gmt":"2025-05-31T21:31:08","guid":{"rendered":"https:\/\/www.europesays.com\/fr\/142572\/"},"modified":"2025-05-31T21:31:08","modified_gmt":"2025-05-31T21:31:08","slug":"foudre-grele-et-vent-les-images-spectaculaires-des-orages-qui-frappent-la-france","status":"publish","type":"post","link":"https:\/\/www.europesays.com\/fr\/142572\/","title":{"rendered":"Foudre, gr\u00eale et vent\u2026 Les images spectaculaires des orages qui frappent la France"},"content":{"rendered":"<p>            Par<br \/>\n        <strong><br \/>\n            <a href=\"https:\/\/actu.fr\/auteur\/redaction-actu\" title=\"Consulter tous les articles de R\u00e9daction Actu\" target=\"_blank\" rel=\"noopener\">R\u00e9daction Actu<\/a><br \/>\n        <\/strong><\/p>\n<p>        Publi\u00e9 le<\/p>\n<p>            31 mai 2025 \u00e0 22h01<br \/>\n        ; mis \u00e0 jour le 31 mai 2025 \u00e0 22h04    <\/p>\n<p>En Alsace, en Moselle, dans l\u2019Allier, en Bourgogne ou encore, en \u00cele-de-France. Ce samedi 31\u00a0mai 2025, <a href=\"https:\/\/actu.fr\/meteo\/ca-va-bien-taper-des-orages-violents-prevus-ce-samedi-la-moitie-de-la-france-en-vigilance_62708914.html\" target=\"_blank\" rel=\"noopener\">les orages ont frapp\u00e9 la France en plusieurs endroits<\/a>. Avec \u00e0 la cl\u00e9, des images impressionnantes.<\/p>\n<p class=\" wall-content\">Car si les nuages ont apport\u00e9 la foudre, les \u00e9clairs ont \u00e9t\u00e9 parfois accompagn\u00e9s de gr\u00eale et de rafales de vent. M\u00e9t\u00e9o-France avait plac\u00e9 plus de cinquante d\u00e9partements en vigilance.<\/p>\n<p class=\" wall-content\">Depuis cet apr\u00e8s-midi, les images essaiment les r\u00e9seaux sociaux.<\/p>\n<p>12\u2009000 \u00e9clairs en une journ\u00e9e<\/p>\n<p class=\" wall-content\">\u00ab\u2009Un puissant orage de gr\u00eale \u00e0 Freyming-Merlebach en Moselle ce samedi apr\u00e8s-midi\u2009\u00bb, \u00e9crit sur X, le compte M\u00e9t\u00e9o Express, vid\u00e9o \u00e0 l\u2019appui.<\/p>\n<p class=\" wall-content\">\n<p class=\" wall-content\">\u00c0 l\u2019heure d\u2019\u00e9crire ces lignes, l\u2019institut Keraunos, sp\u00e9cialis\u00e9 dans les <a href=\"https:\/\/actu.fr\/tag\/orages\" target=\"_blank\" rel=\"noopener\">orages<\/a>, avait d\u00e9nombr\u00e9 pas moins de 12\u2009000 \u00e9clairs sur la journ\u00e9e de ce samedi. L\u2019Allier, la Moselle et la Loire sont les d\u00e9partements les plus concern\u00e9s.<\/p>\n<p>Vid\u00e9os : en ce moment sur Actu<\/p>\n<p class=\" wall-content\">Un autre compte X, fait par de fortes averses, y compris de gr\u00eale autour de Lyon.<\/p>\n<p class=\" wall-content\">\n<p>L\u2019Allier, le d\u00e9partement le plus touch\u00e9<\/p>\n<p class=\" wall-content\">Autour de Moulins dans l\u2019Allier, des d\u00e9g\u00e2ts ont \u00e9t\u00e9 recens\u00e9s. Plusieurs arbres ont \u00e9t\u00e9 cass\u00e9s en raison, notamment, du vent qui a souffl\u00e9 jusqu\u2019\u00e0 114\u00a0km\/h.<\/p>\n<p class=\" wall-content\">\n<p class=\" wall-content\">Plusieurs posts sur Facebook recensent les d\u00e9g\u00e2ts.<\/p>\n<p>    <a href=\"https:\/\/www.facebook.com\/plugins\/post.php?href=https%3A%2F%2Fwww.facebook.com%2Frisques03%2Fposts%2Fpfbid025bAoF8nzipaqTBsVR8hcJ7t2pob449pfWvZyNwB1jhtKXd8iXEFeY8knb1LiPDtzl&amp;show_text=true&amp;width=350\" title=\"Ouvrie le lien\" target=\"_blank\" rel=\"noopener\">Cliquez ici pour visualiser le contenu<\/a><\/p>\n<p class=\" wall-content\">En d\u00e9but de soir\u00e9e, des orages \u00e9clataient entre l\u2019Eure-et-Loir et l\u2019\u00cele-de-France.\u00a0<\/p>\n<p class=\" wall-content\">\n<p>Un violent orage localis\u00e9 dans le Tarn<\/p>\n<p class=\" wall-content\"><a href=\"https:\/\/actu.fr\/occitanie\/murat-sur-vebre_81192\/tapis-de-grele-et-pluie-diluvienne-un-violent-orage-s-abat-sur-un-village-du-tarn_62712077.html\" target=\"_blank\" rel=\"noopener\">actu Toulouse<\/a> rapporte qu\u2019un violent orage localis\u00e9 sur la commune de Murat-sur-V\u00e8bre dans le Tarn a \u00e9t\u00e9 recens\u00e9 ce samedi.<\/p>\n<blockquote class=\"ac-article-quote wall-content\">\n<p>Le violent orage sur Murat-sur-V\u00e8bre s\u2019est estomp\u00e9 et s\u2019est d\u00e9plac\u00e9 vers Brusque et M\u00e9lagues. Sur Murat-sur-V\u00e8bre, il est tomb\u00e9 plus de 60mm en moins de 2h\u2009! 13mm sur Arnac-sur-Dourdou.<\/p>\n<p>    <strong>M\u00e9t\u00e9o Sud Aveyron<\/strong>\n            <\/p><\/blockquote>\n<p>Dimanche, nouvelle journ\u00e9e orageuse<\/p>\n<p class=\" wall-content\">La d\u00e9gradation orageuse devrait se poursuivre ce dimanche 1er juin 2025. Avec, une nouvelle fois, des orages qui pourraient s\u2019\u00e9tendre sur un axe allant du Sud-Ouest jusqu\u2019au Nord-Est, selon <a href=\"https:\/\/actu.fr\/tag\/meteo-france\" target=\"_blank\" rel=\"noopener\">M\u00e9t\u00e9o-France.<\/a><\/p>\n<blockquote class=\"ac-article-quote wall-content\">\n<p>Dans l&rsquo;apr\u00e8s-midi, des orages plus fr\u00e9quents et virulents se d\u00e9clenchent sur le Massif Central, notamment sur l&rsquo;est de l&rsquo;Auvergne, avant de se propager \u00e0 Rh\u00f4ne-Alpes, \u00e0 la Bourgogne Franche-Comt\u00e9 puis jusqu&rsquo;en Alsace. L&rsquo;activit\u00e9 peut \u00eatre passag\u00e8rement forte sur les r\u00e9gions du centre-est, avec un risque de pluies soutenues, de gr\u00eale et de rafales de vent.<\/p>\n<p>    <strong>M\u00e9t\u00e9o France<\/strong>\n            <\/p><\/blockquote>\n<p class=\" wall-content\">Et les m\u00e9t\u00e9orologues estiment que les orages devraient encore se poursuivre en d\u00e9but de semaine. Cons\u00e9quence directe\u2009: les temp\u00e9ratures vont baisser apr\u00e8s avoir \u00e9t\u00e9 tr\u00e8s chaudes ces derniers jours.<\/p>\n<p class=\" wall-content\">Suivez toute l\u2019actualit\u00e9 de vos villes et m\u00e9dias favoris en vous inscrivant \u00e0 <a href=\"https:\/\/moncompte.actu.fr\" title=\"D\u00e9couvez Mon Actu\" rel=\"nofollow noopener\" data-trk=\"{&quot;cta&quot;:{&quot;action&quot;:&quot;https:\\\/\\\/moncompte.actu.fr&quot;,&quot;category&quot;:&quot;mon compte&quot;,&quot;from&quot;:&quot;article footer&quot;,&quot;name&quot;:&quot;Mon actu&quot;,&quot;type&quot;:&quot;cta&quot;}}\" target=\"_blank\">Mon Actu<\/a>.<\/p>\n","protected":false},"excerpt":{"rendered":"Par R\u00e9daction Actu Publi\u00e9 le 31 mai 2025 \u00e0 22h01 ; mis \u00e0 jour le 31 mai 2025&hellip;\n","protected":false},"author":2,"featured_media":142573,"comment_status":"","ping_status":"","sticky":false,"template":"","format":"standard","meta":{"footnotes":""},"categories":[2],"tags":[11,1011,27,2487,2357,12,4594],"class_list":{"0":"post-142572","1":"post","2":"type-post","3":"status-publish","4":"format-standard","5":"has-post-thumbnail","7":"category-actualites","8":"tag-actualites","9":"tag-fr","10":"tag-france","11":"tag-meteo","12":"tag-meteo-france","13":"tag-news","14":"tag-orages"},"share_on_mastodon":{"url":"https:\/\/pubeurope.com\/@fr\/114604584679533617","error":""},"_links":{"self":[{"href":"https:\/\/www.europesays.com\/fr\/wp-json\/wp\/v2\/posts\/142572","targetHints":{"allow":["GET"]}}],"collection":[{"href":"https:\/\/www.europesays.com\/fr\/wp-json\/wp\/v2\/posts"}],"about":[{"href":"https:\/\/www.europesays.com\/fr\/wp-json\/wp\/v2\/types\/post"}],"author":[{"embeddable":true,"href":"https:\/\/www.europesays.com\/fr\/wp-json\/wp\/v2\/users\/2"}],"replies":[{"embeddable":true,"href":"https:\/\/www.europesays.com\/fr\/wp-json\/wp\/v2\/comments?post=142572"}],"version-history":[{"count":0,"href":"https:\/\/www.europesays.com\/fr\/wp-json\/wp\/v2\/posts\/142572\/revisions"}],"wp:featuredmedia":[{"embeddable":true,"href":"https:\/\/www.europesays.com\/fr\/wp-json\/wp\/v2\/media\/142573"}],"wp:attachment":[{"href":"https:\/\/www.europesays.com\/fr\/wp-json\/wp\/v2\/media?parent=142572"}],"wp:term":[{"taxonomy":"category","embeddable":true,"href":"https:\/\/www.europesays.com\/fr\/wp-json\/wp\/v2\/categories?post=142572"},{"taxonomy":"post_tag","embeddable":true,"href":"https:\/\/www.europesays.com\/fr\/wp-json\/wp\/v2\/tags?post=142572"}],"curies":[{"name":"wp","href":"https:\/\/api.w.org\/{rel}","templated":true}]}}