{"id":142574,"date":"2025-05-31T21:33:22","date_gmt":"2025-05-31T21:33:22","guid":{"rendered":"https:\/\/www.europesays.com\/fr\/142574\/"},"modified":"2025-05-31T21:33:22","modified_gmt":"2025-05-31T21:33:22","slug":"pres-de-saint-etienne-une-femme-meurt-renversee-par-une-voiture-2","status":"publish","type":"post","link":"https:\/\/www.europesays.com\/fr\/142574\/","title":{"rendered":"Pr\u00e8s de Saint-\u00c9tienne : une femme meurt renvers\u00e9e par une voiture"},"content":{"rendered":"<p>Dans la soir\u00e9e du vendredi 30 mai, une femme de 73 ans a \u00e9t\u00e9 renvers\u00e9e mortellement par une voiture \u00e0 Bourg-Argental, pr\u00e8s de Saint-\u00c9tienne.<\/p>\n<p>Ce drame dans la Loire. Une femme de 73 ans est morte \u00e0 <b>Bourg-Argental<\/b>, pr\u00e8s de Saint-\u00c9tienne, vendredi 30 mai.<\/p>\n<p>La conductrice en \u00e9tat de choc<\/p>\n<p>La septuag\u00e9naire a \u00e9t\u00e9 renvers\u00e9e par une voiture, vers 18h, dans le centre de la commune.<\/p>\n<p>La conductrice du v\u00e9hicule, une femme de 21 ans, a \u00e9t\u00e9 extr\u00eamement choqu\u00e9e par l&rsquo;accident. Elle a \u00e9t\u00e9 \u00e9vacu\u00e9e au centre hospitalier d&rsquo;Annonay (Ard\u00e8che), tout comme un t\u00e9moin de 73 ans aussi en \u00e9tat de choc.<\/p>\n<p>La RD 1082 a \u00e9t\u00e9 coup\u00e9e \u00e0 la circulation le temps de l&rsquo;intervention des secours.<\/p>\n<p><img loading=\"lazy\" decoding=\"async\" src=\"https:\/\/www.europesays.com\/fr\/wp-content\/uploads\/2025\/05\/1748727202_238_img\" width=\"350\" height=\"200\" border=\"0\" title=\"Un h\u00c3\u00a9licopt\u00c3\u00a8re du Samu\"\/><\/p>\n<p>\u25baFaits divers<\/p>\n<p style=\"font-size: 22px;\"><b>Loire : un enfant de 11 ans h\u00e9liport\u00e9 \u00e0 l&rsquo;h\u00f4pital apr\u00e8s avoir \u00e9t\u00e9 renvers\u00e9 \u00e0 trottinette<\/b><\/p>\n<p>Un enfant de 11 ans a \u00e9t\u00e9 percut\u00e9 par une voiture&#8230;<\/p>\n<p><\/p>\n","protected":false},"excerpt":{"rendered":"Dans la soir\u00e9e du vendredi 30 mai, une femme de 73 ans a \u00e9t\u00e9 renvers\u00e9e mortellement par une&hellip;\n","protected":false},"author":2,"featured_media":141152,"comment_status":"","ping_status":"","sticky":false,"template":"","format":"standard","meta":{"footnotes":""},"categories":[9653],"tags":[119,1111,11,2430,12100,24563,1777,674,1011,27,3367,18,12,25,9920,4001],"class_list":{"0":"post-142574","1":"post","2":"type-post","3":"status-publish","4":"format-standard","5":"has-post-thumbnail","7":"category-saint-etienne","8":"tag-accident","9":"tag-actu","10":"tag-actualites","11":"tag-auvergne-rhone-alpes","12":"tag-bourg-argental","13":"tag-dcs","14":"tag-eu","15":"tag-europe","16":"tag-fr","17":"tag-france","18":"tag-loire","19":"tag-mort","20":"tag-news","21":"tag-republique-francaise","22":"tag-saint-tienne","23":"tag-saint-etienne"},"share_on_mastodon":{"url":"https:\/\/pubeurope.com\/@fr\/114604592777370630","error":""},"_links":{"self":[{"href":"https:\/\/www.europesays.com\/fr\/wp-json\/wp\/v2\/posts\/142574","targetHints":{"allow":["GET"]}}],"collection":[{"href":"https:\/\/www.europesays.com\/fr\/wp-json\/wp\/v2\/posts"}],"about":[{"href":"https:\/\/www.europesays.com\/fr\/wp-json\/wp\/v2\/types\/post"}],"author":[{"embeddable":true,"href":"https:\/\/www.europesays.com\/fr\/wp-json\/wp\/v2\/users\/2"}],"replies":[{"embeddable":true,"href":"https:\/\/www.europesays.com\/fr\/wp-json\/wp\/v2\/comments?post=142574"}],"version-history":[{"count":0,"href":"https:\/\/www.europesays.com\/fr\/wp-json\/wp\/v2\/posts\/142574\/revisions"}],"wp:featuredmedia":[{"embeddable":true,"href":"https:\/\/www.europesays.com\/fr\/wp-json\/wp\/v2\/media\/141152"}],"wp:attachment":[{"href":"https:\/\/www.europesays.com\/fr\/wp-json\/wp\/v2\/media?parent=142574"}],"wp:term":[{"taxonomy":"category","embeddable":true,"href":"https:\/\/www.europesays.com\/fr\/wp-json\/wp\/v2\/categories?post=142574"},{"taxonomy":"post_tag","embeddable":true,"href":"https:\/\/www.europesays.com\/fr\/wp-json\/wp\/v2\/tags?post=142574"}],"curies":[{"name":"wp","href":"https:\/\/api.w.org\/{rel}","templated":true}]}}