{"id":142587,"date":"2025-05-31T21:41:11","date_gmt":"2025-05-31T21:41:11","guid":{"rendered":"https:\/\/www.europesays.com\/fr\/142587\/"},"modified":"2025-05-31T21:41:11","modified_gmt":"2025-05-31T21:41:11","slug":"on-navait-pas-du-tout-mise-sur-yassine","status":"publish","type":"post","link":"https:\/\/www.europesays.com\/fr\/142587\/","title":{"rendered":"\u00ab On n&rsquo;avait pas du tout mis\u00e9 sur Yassine \u00bb"},"content":{"rendered":"<p style=\"text-align: justify\" data-start=\"74\" data-end=\"424\"><strong>Dans un t\u00e9moignage sinc\u00e8re et touchant livr\u00e9 dans l\u2019\u00e9mission \u00ab <a href=\"https:\/\/footamateur.ouest-france.fr\/mustapha-benzia-jai-du-arreter-le-football-pour-yassine\/#:~:text=Je%20ne%20sais%20pas%2C%20j,le%20temps%20nous%20le%20dira.\" target=\"_blank\" rel=\"noopener\">100% Football Amateur<\/a> \u00bb, Mustapha Benzia, joueur du FC Rouen, est revenu sur son parcours mais surtout sur celui de son fr\u00e8re cadet, Yassine Benzia. Un r\u00e9cit familial o\u00f9 le football occupe une place centrale, marqu\u00e9 par les sacrifices, les surprises et une fiert\u00e9 fraternelle ind\u00e9l\u00e9bile.<\/strong><\/p>\n<p style=\"text-align: justify\" data-start=\"426\" data-end=\"914\"><strong>\u00ab Nous sommes trois gar\u00e7ons, les trois jouent au foot. Il y en a un qui continue encore, qui fait sa petite carri\u00e8re \u00e0 l\u2019\u00e9tranger\u2026 \u00bb<\/strong>, confie d\u2019abord <strong>Mustapha<\/strong>, en \u00e9voquant <strong>Yassine.<\/strong> Ce dernier, aujourd\u2019hui international alg\u00e9rien, n\u2019\u00e9tait pourtant pas celui sur qui la famille aurait pari\u00e9 au d\u00e9part.<strong> \u00ab Vraiment, on n\u2019a pas mis\u00e9 du tout sur lui. Comme on dit, on n\u2019a pas mis\u00e9 sur le bon cheval. Mais en tout cas, je suis tr\u00e8s fier de lui parce que ce n\u2019\u00e9tait pas facile, ce n\u2019\u00e9tait pas pr\u00e9dit. \u00bb<\/strong><\/p>\n<p style=\"text-align: justify\" data-start=\"916\" data-end=\"1427\">C\u2019est \u00e0 l\u2019<strong>US Quevilly<\/strong>, dans la r\u00e9gion rouennaise, que la trajectoire de <strong>Yassine<\/strong> bascule. Alors simple joueur des U15, il profite de plusieurs blessures chez les U16 pour int\u00e9grer progressivement le groupe national. <strong>\u00ab Il a commenc\u00e9 \u00e0 faire quelques bancs, quelques entr\u00e9es en jeu. Et un jour, il a vraiment saisi sa chance. Il a marqu\u00e9, puis encha\u00een\u00e9 les buts. Le coach lui a fait de plus en plus confiance, et lui, il r\u00e9pondait toujours pr\u00e9sent sur le terrain. \u00c0 partir de l\u00e0, tout s\u2019est encha\u00een\u00e9 tr\u00e8s vite. \u00bb<\/strong><\/p>\n<p style=\"text-align: justify\" data-start=\"1429\" data-end=\"1893\">Mustapha a jou\u00e9 un r\u00f4le d\u00e9terminant \u00e0 cette \u00e9poque, n\u2019h\u00e9sitant pas \u00e0 mettre sa propre carri\u00e8re entre parenth\u00e8ses. <strong>\u00ab J\u2019ai perdu mon p\u00e8re assez jeune. Je me devais de le suivre. Donc, je l\u2019ai accompagn\u00e9 quand il \u00e9tait \u00e0 l\u2019US Quevilly. Je l\u2019emmenais tous les jours \u00e0 l\u2019entra\u00eenement. \u00bb<\/strong> Ce soutien familial a port\u00e9 ses fruits : en fin de saison, <strong>Yassine<\/strong> suscite l\u2019int\u00e9r\u00eat de clubs prestigieux comme l\u2019<strong>OM, Strasbourg,<\/strong> le <strong>Bayern Munich<\/strong> ou encore les<strong> Los Angeles Galaxy.<\/strong><\/p>\n<p style=\"text-align: justify\" data-start=\"1895\" data-end=\"2309\">Le<strong> Bayern Munich<\/strong>, justement, aurait pu \u00eatre un tournant majeur.<strong> \u00ab On est parti une semaine en Allemagne. Il avait fait une semaine d\u2019essai avec un match amical. Cela s\u2019est super bien pass\u00e9. Ils voulaient le garder, mais lui n\u2019aimait pas le temps allemand\u2026 \u00bb<\/strong> Finalement, c\u2019est \u00e0 <strong>Lyon<\/strong> que <strong>Yassine<\/strong> s\u2019engage, apr\u00e8s un essai concluant. <strong>\u00ab R\u00e9mi Garde m\u2019appelle assez vite, me dit qu\u2019ils sont int\u00e9ress\u00e9s\u2026 On accepte. \u00bb<\/strong><\/p>\n<p style=\"text-align: justify\" data-start=\"2311\" data-end=\"2516\">Aujourd\u2019hui, <strong>Mustapha<\/strong> garde l\u2019espoir de partager un jour le terrain avec son fr\u00e8re :<strong> \u00ab Franchement, j\u2019aimerais bien faire une petite saison avec lui. Pour la famille, pour terminer sur une belle chose. \u00bb<\/strong><\/p>\n<p style=\"text-align: justify\" data-start=\"2518\" data-end=\"2894\">En filigrane,<strong> Mustapha<\/strong> souligne la dure r\u00e9alit\u00e9 du football professionnel : <strong>\u00ab De l\u2019ext\u00e9rieur, on ne voit que la vitrine. De l\u2019int\u00e9rieur, c\u2019est tr\u00e8s dur. \u00bb<\/strong> Et m\u00eame s\u2019il n\u2019a pas connu les centres de formation comme son fr\u00e8re, il en conna\u00eet la rigueur.<strong> \u00ab Entrer dans un centre ne garantit pas que tu deviendras pro\u2026 C\u2019est une affaire de timing, de rencontres, de confiance. \u00bb<\/strong><\/p>\n<p style=\"text-align: justify\" data-start=\"2896\" data-end=\"3048\" data-is-last-node=\"\" data-is-only-node=\"\">Un hommage plein d\u2019humanit\u00e9 \u00e0 <strong>Yassine Benzia,<\/strong> qui rappelle que derri\u00e8re chaque joueur pro se cache souvent une histoire de sacrifices\u2026 et de fraternit\u00e9.<\/p>\n","protected":false},"excerpt":{"rendered":"Dans un t\u00e9moignage sinc\u00e8re et touchant livr\u00e9 dans l\u2019\u00e9mission \u00ab 100% Football Amateur \u00bb, Mustapha Benzia, joueur du&hellip;\n","protected":false},"author":2,"featured_media":142588,"comment_status":"","ping_status":"","sticky":false,"template":"","format":"standard","meta":{"footnotes":""},"categories":[9587],"tags":[1111,11,23240,1777,674,1011,27,2428,27054,12,5161,27055,25,9590,27056],"class_list":{"0":"post-142587","1":"post","2":"type-post","3":"status-publish","4":"format-standard","5":"has-post-thumbnail","7":"category-rouen","8":"tag-actu","9":"tag-actualites","10":"tag-algu00e9rie","11":"tag-eu","12":"tag-europe","13":"tag-fr","14":"tag-france","15":"tag-lyon","16":"tag-mustapha-benzia","17":"tag-news","18":"tag-normandie","19":"tag-qarabag","20":"tag-republique-francaise","21":"tag-rouen","22":"tag-yassine-benzia"},"share_on_mastodon":{"url":"https:\/\/pubeurope.com\/@fr\/114604623982234537","error":""},"_links":{"self":[{"href":"https:\/\/www.europesays.com\/fr\/wp-json\/wp\/v2\/posts\/142587","targetHints":{"allow":["GET"]}}],"collection":[{"href":"https:\/\/www.europesays.com\/fr\/wp-json\/wp\/v2\/posts"}],"about":[{"href":"https:\/\/www.europesays.com\/fr\/wp-json\/wp\/v2\/types\/post"}],"author":[{"embeddable":true,"href":"https:\/\/www.europesays.com\/fr\/wp-json\/wp\/v2\/users\/2"}],"replies":[{"embeddable":true,"href":"https:\/\/www.europesays.com\/fr\/wp-json\/wp\/v2\/comments?post=142587"}],"version-history":[{"count":0,"href":"https:\/\/www.europesays.com\/fr\/wp-json\/wp\/v2\/posts\/142587\/revisions"}],"wp:featuredmedia":[{"embeddable":true,"href":"https:\/\/www.europesays.com\/fr\/wp-json\/wp\/v2\/media\/142588"}],"wp:attachment":[{"href":"https:\/\/www.europesays.com\/fr\/wp-json\/wp\/v2\/media?parent=142587"}],"wp:term":[{"taxonomy":"category","embeddable":true,"href":"https:\/\/www.europesays.com\/fr\/wp-json\/wp\/v2\/categories?post=142587"},{"taxonomy":"post_tag","embeddable":true,"href":"https:\/\/www.europesays.com\/fr\/wp-json\/wp\/v2\/tags?post=142587"}],"curies":[{"name":"wp","href":"https:\/\/api.w.org\/{rel}","templated":true}]}}