{"id":142609,"date":"2025-05-31T22:00:16","date_gmt":"2025-05-31T22:00:16","guid":{"rendered":"https:\/\/www.europesays.com\/fr\/142609\/"},"modified":"2025-05-31T22:00:16","modified_gmt":"2025-05-31T22:00:16","slug":"la-presence-du-loup-dans-le-parc-national-des-calanques-serait-un-indicateur-de-bonne-sante","status":"publish","type":"post","link":"https:\/\/www.europesays.com\/fr\/142609\/","title":{"rendered":"La pr\u00e9sence du loup dans le Parc national des calanques serait \u00ab\u00a0un indicateur de bonne sant\u00e9\u00a0\u00bb"},"content":{"rendered":"<p>En d\u00e9cembre dernier, du c\u00f4t\u00e9 de <a href=\"https:\/\/www.laprovence.com\/article\/region\/41802528547862\/ladn-confirme-que-cest-bien-une-attaque-de-loup-a-decime-les-chevres-et-les-moutons-de-l-ehpad-de-sormiou\" target=\"_blank\" rel=\"noopener\">Sormiou<\/a>, on ne parlait que d&rsquo;eux. Ces hurlements entendus et <a href=\"https:\/\/www.laprovence.com\/article\/region\/1785760087752115\/marseille-des-hurlements-de-loups-entendus-par-les-riverains-a-sormiou\" target=\"_blank\" rel=\"noopener\">capt\u00e9s en vid\u00e9o par les habitants<\/a> avaient \u00e9t\u00e9 partag\u00e9s des centaines de fois rallumant au passage la crainte de voir les loups se rapprocher des habitations.<\/p>\n<p>Authentifi\u00e9s par les sp\u00e9cialistes de <a href=\"https:\/\/observatoireduloup.fr\/\" target=\"_blank\" rel=\"noopener\">l&rsquo;Observatoire du loup<\/a>, ces enregistrements n&rsquo;ont pas surpris les sp\u00e9cialistes du Parc national des calanques qui observent la pr\u00e9sence du Canis lupus depuis 2021.<\/p>\n<p>\u00ab\u00a0Les loups ont travers\u00e9 les Alpes d&rsquo;Italie\u00a0\u00bb<\/p>\n<p>\u00ab\u00a0Nous avions collect\u00e9 des indices en 2020 avant d&rsquo;avoir la certitude de sa pr\u00e9sence dans nos espaces naturels l&rsquo;ann\u00e9e d&rsquo;apr\u00e8s, gr\u00e2ce \u00e0 des images r\u00e9alis\u00e9es par nos pi\u00e8ges photographiques\u00a0\u00bb, rel\u00e8ve Zacharie Bruyas, charg\u00e9 de communication au Parc.<\/p>\n","protected":false},"excerpt":{"rendered":"En d\u00e9cembre dernier, du c\u00f4t\u00e9 de Sormiou, on ne parlait que d&rsquo;eux. Ces hurlements entendus et capt\u00e9s en&hellip;\n","protected":false},"author":2,"featured_media":142610,"comment_status":"","ping_status":"","sticky":false,"template":"","format":"standard","meta":{"footnotes":""},"categories":[2814],"tags":[17,1111,11,1182,1446,154,1777,674,1011,27,9772,884,3238,12,153,15492,882,16,25],"class_list":{"0":"post-142609","1":"post","2":"type-post","3":"status-publish","4":"format-standard","5":"has-post-thumbnail","7":"category-marseille","8":"tag-17","9":"tag-actu","10":"tag-actualites","11":"tag-calanques","12":"tag-dans","13":"tag-des","14":"tag-eu","15":"tag-europe","16":"tag-fr","17":"tag-france","18":"tag-loup","19":"tag-marseille","20":"tag-national","21":"tag-news","22":"tag-parc","23":"tag-presence","24":"tag-provence-alpes-cote-dazur","25":"tag-region","26":"tag-republique-francaise"},"share_on_mastodon":{"url":"https:\/\/pubeurope.com\/@fr\/114604698725961841","error":""},"_links":{"self":[{"href":"https:\/\/www.europesays.com\/fr\/wp-json\/wp\/v2\/posts\/142609","targetHints":{"allow":["GET"]}}],"collection":[{"href":"https:\/\/www.europesays.com\/fr\/wp-json\/wp\/v2\/posts"}],"about":[{"href":"https:\/\/www.europesays.com\/fr\/wp-json\/wp\/v2\/types\/post"}],"author":[{"embeddable":true,"href":"https:\/\/www.europesays.com\/fr\/wp-json\/wp\/v2\/users\/2"}],"replies":[{"embeddable":true,"href":"https:\/\/www.europesays.com\/fr\/wp-json\/wp\/v2\/comments?post=142609"}],"version-history":[{"count":0,"href":"https:\/\/www.europesays.com\/fr\/wp-json\/wp\/v2\/posts\/142609\/revisions"}],"wp:featuredmedia":[{"embeddable":true,"href":"https:\/\/www.europesays.com\/fr\/wp-json\/wp\/v2\/media\/142610"}],"wp:attachment":[{"href":"https:\/\/www.europesays.com\/fr\/wp-json\/wp\/v2\/media?parent=142609"}],"wp:term":[{"taxonomy":"category","embeddable":true,"href":"https:\/\/www.europesays.com\/fr\/wp-json\/wp\/v2\/categories?post=142609"},{"taxonomy":"post_tag","embeddable":true,"href":"https:\/\/www.europesays.com\/fr\/wp-json\/wp\/v2\/tags?post=142609"}],"curies":[{"name":"wp","href":"https:\/\/api.w.org\/{rel}","templated":true}]}}