{"id":142613,"date":"2025-05-31T22:02:15","date_gmt":"2025-05-31T22:02:15","guid":{"rendered":"https:\/\/www.europesays.com\/fr\/142613\/"},"modified":"2025-05-31T22:02:15","modified_gmt":"2025-05-31T22:02:15","slug":"dernier-week-end-pour-declarer-ses-revenus-dans-le-rhone","status":"publish","type":"post","link":"https:\/\/www.europesays.com\/fr\/142613\/","title":{"rendered":"dernier week-end pour d\u00e9clarer ses revenus dans le Rh\u00f4ne"},"content":{"rendered":"<p itemprop=\"description\"><strong>La campagne de d\u00e9claration en ligne s\u2019ach\u00e8ve jeudi 5 juin \u00e0 23h59 dans le Rh\u00f4ne.<\/strong><\/p>\n<p>Des p\u00e9nalit\u00e9s s\u2019appliqueront ensuite. Dernier rappel pour les contribuables lyonnais et rhodaniens : la d\u00e9claration d\u2019imp\u00f4t sur le revenu doit \u00eatre effectu\u00e9e en ligne\u00a0au plus tard le jeudi 5 juin 2025 \u00e0 23h59.<\/p>\n<p>La campagne, ouverte depuis le 10 avril, entre donc dans sa derni\u00e8re ligne droite ce week-end.<\/p>\n<p>Pour celles et ceux qui profitent du pont de l\u2019Ascension, cette p\u00e9riode peut \u00eatre l\u2019occasion de finaliser leurs d\u00e9marches administratives. Car une fois la date limite d\u00e9pass\u00e9e, des\u00a0p\u00e9nalit\u00e9s de retard s\u2019appliquent automatiquement\u00a0:\u00a010\u2009% d\u00e8s le 6 juin, puis jusqu\u2019\u00e0\u00a040\u2009%\u00a0en cas de mise en demeure sans r\u00e9ponse dans les d\u00e9lais.<\/p>\n<p>L\u2019avis d\u2019imposition sera ensuite disponible dans l\u2019espace personnel des contribuables entre le\u00a025 juillet et le 1er ao\u00fbt 2025.<\/p>\n","protected":false},"excerpt":{"rendered":"La campagne de d\u00e9claration en ligne s\u2019ach\u00e8ve jeudi 5 juin \u00e0 23h59 dans le Rh\u00f4ne. Des p\u00e9nalit\u00e9s s\u2019appliqueront&hellip;\n","protected":false},"author":2,"featured_media":142614,"comment_status":"","ping_status":"","sticky":false,"template":"","format":"standard","meta":{"footnotes":""},"categories":[1889],"tags":[1111,11,2813,2190,2430,1109,251,1112,2811,1777,674,118,1011,27,1922,1110,1114,2428,2810,12,241,316,25,2812,517,800],"class_list":{"0":"post-142613","1":"post","2":"type-post","3":"status-publish","4":"format-standard","5":"has-post-thumbnail","7":"category-lyon","8":"tag-actu","9":"tag-actualites","10":"tag-article","11":"tag-asvel","12":"tag-auvergne-rhone-alpes","13":"tag-breves","14":"tag-culture","15":"tag-depeches","16":"tag-economique","17":"tag-eu","18":"tag-europe","19":"tag-faits-divers","20":"tag-fr","21":"tag-france","22":"tag-info","23":"tag-informations","24":"tag-infos","25":"tag-lyon","26":"tag-lyonmag","27":"tag-news","28":"tag-ol","29":"tag-politique","30":"tag-republique-francaise","31":"tag-sociale","32":"tag-sport","33":"tag-transports"},"share_on_mastodon":{"url":"https:\/\/pubeurope.com\/@fr\/114604706647287944","error":""},"_links":{"self":[{"href":"https:\/\/www.europesays.com\/fr\/wp-json\/wp\/v2\/posts\/142613","targetHints":{"allow":["GET"]}}],"collection":[{"href":"https:\/\/www.europesays.com\/fr\/wp-json\/wp\/v2\/posts"}],"about":[{"href":"https:\/\/www.europesays.com\/fr\/wp-json\/wp\/v2\/types\/post"}],"author":[{"embeddable":true,"href":"https:\/\/www.europesays.com\/fr\/wp-json\/wp\/v2\/users\/2"}],"replies":[{"embeddable":true,"href":"https:\/\/www.europesays.com\/fr\/wp-json\/wp\/v2\/comments?post=142613"}],"version-history":[{"count":0,"href":"https:\/\/www.europesays.com\/fr\/wp-json\/wp\/v2\/posts\/142613\/revisions"}],"wp:featuredmedia":[{"embeddable":true,"href":"https:\/\/www.europesays.com\/fr\/wp-json\/wp\/v2\/media\/142614"}],"wp:attachment":[{"href":"https:\/\/www.europesays.com\/fr\/wp-json\/wp\/v2\/media?parent=142613"}],"wp:term":[{"taxonomy":"category","embeddable":true,"href":"https:\/\/www.europesays.com\/fr\/wp-json\/wp\/v2\/categories?post=142613"},{"taxonomy":"post_tag","embeddable":true,"href":"https:\/\/www.europesays.com\/fr\/wp-json\/wp\/v2\/tags?post=142613"}],"curies":[{"name":"wp","href":"https:\/\/api.w.org\/{rel}","templated":true}]}}