{"id":142623,"date":"2025-05-31T22:08:12","date_gmt":"2025-05-31T22:08:12","guid":{"rendered":"https:\/\/www.europesays.com\/fr\/142623\/"},"modified":"2025-05-31T22:08:12","modified_gmt":"2025-05-31T22:08:12","slug":"romancero-queer-virginie-despentes-en-mode-hors-champ-a-la-colline","status":"publish","type":"post","link":"https:\/\/www.europesays.com\/fr\/142623\/","title":{"rendered":"\u00ab\u00a0Romancero Queer\u00a0\u00bb : Virginie Despentes en mode hors-champ \u00e0 la Colline"},"content":{"rendered":"<p><strong>Au Th\u00e9\u00e2tre de la Colline, Virginie Despentes invente une suite \u00e0 Woke, qui \u00e9tait co-\u00e9crit par quatre auteurs l\u2019an dernier \u00e0 Lille. Aujourd\u2019hui, elle s\u2019attaque au hors-champ intime et th\u00e9\u00e2tral d\u2019un spectacle, port\u00e9 par la voix de huit interpr\u00e8tes choisis par un metteur en sc\u00e8ne qui souhaite monter \u00ab La maison de Bernarda Alba en mode queer. Choc des g\u00e9n\u00e9rations, revendication LGBTQI, lutte contre les clich\u00e9s qui stigmatisent, le spectacle est avant tout une g\u00e9n\u00e9reuse proposition port\u00e9e par des artistes aux identit\u00e9s artistiques diverses qui explosent d\u2019\u00e9nergie.\u00a0<\/strong><\/p>\n<p><b>Le th\u00e9\u00e2tre, c\u2019est comme du foot<\/b><\/p>\n<p><img loading=\"lazy\" decoding=\"async\" aria-describedby=\"caption-attachment-364879\" class=\"size-full wp-image-364879\" src=\"https:\/\/www.europesays.com\/fr\/wp-content\/uploads\/2025\/05\/Romancero_160525_TeresaSuarez_020.jpg\" alt=\"\" width=\"1024\" height=\"683\"  \/><\/p>\n<p id=\"caption-attachment-364879\" class=\"wp-caption-text\">\u00a9TeresaSuarez<\/p>\n<p>\u00ab\u00a0Romancero Queer\u00a0\u00bb est inspir\u00e9 de la r\u00e9volte po\u00e9tique et anti-patriarcale de l\u2019Espagnol Frederico Garcia Lorca qui fait parler, dans sa derni\u00e8re \u0153uvre La Maison de Bernarda Alba, sept femmes cloitr\u00e9es dans une maison isol\u00e9e pour qui \u00ab\u00a0na\u00eetre femme est la pire des punitions\u00a0\u00bb. C\u2019est la pi\u00e8ce qu\u2019a choisi de mettre en sc\u00e8ne Michel, un metteur en sc\u00e8ne blanc h\u00e9t\u00e9ro, sexag\u00e9naire, qui a engag\u00e9 huit interpr\u00e8tes \u00e0 la personnalit\u00e9 woke, non binaire, racis\u00e9s ou homosexuels, pour en monter une adaptation \u00ab\u00a0queer\u00a0\u00bb. Et pour tenter de comprendre sa propre fille, non binaire. Pour l\u2019instant, Michel, immobilis\u00e9 par une m\u00e9chante sciatique, est allong\u00e9 sur deux fauteuils. Et les interpr\u00e8tes, surchauff\u00e9s par l\u2019attente et la frustration, se croisent dans la coulisse. Entre le plateau et le hors champs, un rideau d\u00e9coup\u00e9 de lamelles argent\u00e9es flotte, d\u2019o\u00f9 surgissent des personnalit\u00e9s explosives. Il y a Wanda, une des anciennes ma\u00eetresses de Michel, la plus calme mais qui va r\u00e9v\u00e9ler des secrets sulfureux, jou\u00e9e par Mata Gabin, et Lou, Clara Ponsot, avocate ardente du metteur en sc\u00e8ne, actrice d\u00e9finitive dont l\u2019arrogance dramatique sera vite d\u00e9construite par le comportement violent de Michel. Gaby, une quinquag\u00e9naire qui sort de prison, jou\u00e9e par Sasha Andres et Vita, f\u00e9line et spectaculaire, forte en gueule et en charisme, incarn\u00e9e par l\u2019artiste, chanteuse et danseuse drag Soa de Muse. Nina, cheveux noirs peroxyd\u00e9es et bagout d\u2019enfer, raconte \u00e0 chacun et chacune que sa copine l\u2019a tromp\u00e9e, et c\u2019est Mascare, artiste performeuse \u00e0 l\u2019\u00e9nergie fantastique qui l\u2019interpr\u00e8te.\u00a0<\/p>\n<p><b>Des personnages sur mesure pour des interpr\u00e8tes hors-normes<\/b><\/p>\n<p><img loading=\"lazy\" decoding=\"async\" aria-describedby=\"caption-attachment-364877\" class=\"size-full wp-image-364877\" src=\"https:\/\/www.europesays.com\/fr\/wp-content\/uploads\/2025\/05\/Romancero_160525_TeresaSuarez_002.jpg\" alt=\"\" width=\"1024\" height=\"683\"  \/><\/p>\n<p id=\"caption-attachment-364877\" class=\"wp-caption-text\">\u00a9TeresaSuarez<\/p>\n<p>Et c\u2019est bien le propos de ce spectacle, que Virginie Despentes invente, comme les costumes joyeux de Marie La Rocca, pour chacun de ses interpr\u00e8tes complices dont elle tisse un affectueux portrait. Soraya Garlenq, androgyne vedette qui m\u00eale le hip hop \u00e0 l\u2019absurde, le jazz \u00e0 la cr\u00e9ativit\u00e9\u00a0 d\u2019un slam oriental, emporte tout sur son passage dans le personnage de Fa\u00efrouz, f\u00e9line magicienne qui crie la r\u00e9volte des femmes et des exploit\u00e9s. Sa prestation est magistrale de puissance et d\u2019\u00e9motion, sa gr\u00e2ce totale. Max, jou\u00e9 par le rappeur Casey, et Andr\u00e9, camp\u00e9 par le mannequin et acteur Amir Baylly, sont les deux protagonistes masculins, fragiles et esquint\u00e9s, de cette parade f\u00e9minine \u00e0 la vitalit\u00e9 g\u00e9n\u00e9reuse, \u00e0 l\u2019authenticit\u00e9 vibrante. Les th\u00e8mes r\u00e9currents de l\u2019auteur, rage contre le capitalisme patriarcal, la propagande dominante qui exploite \u00ab\u00a0comme un h\u00e9licopt\u00e8re\u00a0\u00bb les marginaux et les femmes, les transgenres et ceux qui \u00e9chappent aux r\u00e8gles morales, y sont bien pr\u00e9sents. Mais la forme cabaret, festive et l\u00e9g\u00e8re de cette com\u00e9die de boulevard acide, qui multiplie les punchline et les formules caustiques, m\u00ealant l\u2019intime \u00e9go centr\u00e9 et la r\u00e9volte politique, se laisse savourer librement sans bouder son plaisir de spectateur.<\/p>\n<p>Hel\u00e8ne Kuttner \u00a0 \u00a0 \u00a0<\/p>\n","protected":false},"excerpt":{"rendered":"Au Th\u00e9\u00e2tre de la Colline, Virginie Despentes invente une suite \u00e0 Woke, qui \u00e9tait co-\u00e9crit par quatre auteurs&hellip;\n","protected":false},"author":2,"featured_media":142624,"comment_status":"","ping_status":"","sticky":false,"template":"","format":"standard","meta":{"footnotes":""},"categories":[1888],"tags":[11,7257,1777,674,1011,27,12,626,25,1347],"class_list":{"0":"post-142623","1":"post","2":"type-post","3":"status-publish","4":"format-standard","5":"has-post-thumbnail","7":"category-paris","8":"tag-actualites","9":"tag-critique","10":"tag-eu","11":"tag-europe","12":"tag-fr","13":"tag-france","14":"tag-news","15":"tag-paris","16":"tag-republique-francaise","17":"tag-theatre"},"share_on_mastodon":{"url":"https:\/\/pubeurope.com\/@fr\/114604730238199505","error":""},"_links":{"self":[{"href":"https:\/\/www.europesays.com\/fr\/wp-json\/wp\/v2\/posts\/142623","targetHints":{"allow":["GET"]}}],"collection":[{"href":"https:\/\/www.europesays.com\/fr\/wp-json\/wp\/v2\/posts"}],"about":[{"href":"https:\/\/www.europesays.com\/fr\/wp-json\/wp\/v2\/types\/post"}],"author":[{"embeddable":true,"href":"https:\/\/www.europesays.com\/fr\/wp-json\/wp\/v2\/users\/2"}],"replies":[{"embeddable":true,"href":"https:\/\/www.europesays.com\/fr\/wp-json\/wp\/v2\/comments?post=142623"}],"version-history":[{"count":0,"href":"https:\/\/www.europesays.com\/fr\/wp-json\/wp\/v2\/posts\/142623\/revisions"}],"wp:featuredmedia":[{"embeddable":true,"href":"https:\/\/www.europesays.com\/fr\/wp-json\/wp\/v2\/media\/142624"}],"wp:attachment":[{"href":"https:\/\/www.europesays.com\/fr\/wp-json\/wp\/v2\/media?parent=142623"}],"wp:term":[{"taxonomy":"category","embeddable":true,"href":"https:\/\/www.europesays.com\/fr\/wp-json\/wp\/v2\/categories?post=142623"},{"taxonomy":"post_tag","embeddable":true,"href":"https:\/\/www.europesays.com\/fr\/wp-json\/wp\/v2\/tags?post=142623"}],"curies":[{"name":"wp","href":"https:\/\/api.w.org\/{rel}","templated":true}]}}