{"id":142629,"date":"2025-05-31T22:11:12","date_gmt":"2025-05-31T22:11:12","guid":{"rendered":"https:\/\/www.europesays.com\/fr\/142629\/"},"modified":"2025-05-31T22:11:12","modified_gmt":"2025-05-31T22:11:12","slug":"en-direct-guerre-en-ukraine-la-reunion-entre-moscou-et-kiev-a-istanbul-pas-tres-serieuse-selon-zelensky","status":"publish","type":"post","link":"https:\/\/www.europesays.com\/fr\/142629\/","title":{"rendered":"EN DIRECT &#8211; Guerre en Ukraine : la r\u00e9union entre Moscou et Kiev \u00e0 Istanbul \u00ab\u00a0pas tr\u00e8s s\u00e9rieuse\u00a0\u00bb, selon Zelensky"},"content":{"rendered":"<p>Moscou a propos\u00e9 \u00e0 Kiev de se retrouver pour de nouveaux pourparlers directs lundi \u00e0 Istanbul.Le pr\u00e9sident ukrainien a estim\u00e9 samedi que cette r\u00e9union \u00ab\u00a0ne (semblait) pas tr\u00e8s s\u00e9rieuse\u00a0\u00bb.Suivez les derni\u00e8res informations sur le conflit.<a href=\"https:\/\/www.tf1info.fr\/actualite\/invasion-de-l-ukraine-par-la-russie-une-guerre-qui-dure-12951\/\" rel=\"noopener\" class=\"jsx-3118104007 Link jsx-1428418400 jsx-554215408\" target=\"_blank\"><\/p>\n<p style=\"font-weight:400\" class=\"jsx-1837267516\">Suivez la couverture compl\u00e8te<\/p>\n<p style=\"font-weight:800\" class=\"jsx-1837267516\">Ukraine : 4\u1d49 ann\u00e9e de guerre<\/p>\n<p><\/a>Minute par minute<\/p>\n<p>samedi 31 mai 2025<\/p>\n<p>22:13PARIS APPELLE \u00c0 LA \u00ab\u00a0COORDINATION\u00a0\u00bb AVEC WASHINGTON<\/p>\n<p>Les ministres fran\u00e7ais des Finances et des Affaires \u00e9trang\u00e8res ont rappel\u00e9 \u00ab\u00a0la n\u00e9cessaire coordination\u00a0\u00bb entre les \u00c9tats-Unis et l&rsquo;Europe pour mettre fin au conflit en Ukraine, en recevant des s\u00e9nateurs am\u00e9ricains porteurs d&rsquo;un projet de sanctions contre Moscou. Eric Lombard et Jean-No\u00ebl Barrot ont re\u00e7u les s\u00e9nateurs r\u00e9publicain Lindsey Graham et d\u00e9mocrate Richard Blumenthal, indique le gouvernement fran\u00e7ais dans un communiqu\u00e9.\u00a0<\/p>\n<p>Les deux parlementaires poussent au Congr\u00e8s \u00e0 l&rsquo;adoption de sanctions dites \u00ab\u00a0secondaires\u00a0\u00bb extr\u00eamement dures, avec notamment 500% de droits de douane sur les pays qui importent des hydrocarbures et mati\u00e8res premi\u00e8res russes. \u00ab\u00a0Les ministres ont insist\u00e9 sur la n\u00e9cessaire coordination entre les \u00c9tats-Unis et l&rsquo;Europe pour que les efforts en cours aboutissent \u00e0 une paix juste et durable\u00a0\u00bb, affirme l&rsquo;ex\u00e9cutif fran\u00e7ais.\u00a0<\/p>\n<p>Les deux s\u00e9nateurs, de retour d&rsquo;Ukraine, ont de leur c\u00f4t\u00e9 fait part de leur intention de prendre des \u00ab\u00a0dispositions l\u00e9gislatives\u00a0\u00bb pour \u00ab\u00a0obtenir le retour en Ukraine des milliers d&rsquo;enfants d\u00e9port\u00e9s par la Russie\u00a0\u00bb, ajoute le gouvernement.<\/p>\n<p>19:54UNE R\u00c9UNION \u00c0 ISTANBUL \u00ab\u00a0PAS TR\u00c8S SERIEUSE\u00a0\u00bb<\/p>\n<p>Apr\u00e8s que le pr\u00e9sident am\u00e9ricain Donald Trump a estim\u00e9 que son homologue russe \u00ab\u00a0jouait avec le feu\u00a0\u00bb, Moscou a propos\u00e9 \u00e0 Kiev de se retrouver pour de nouveaux pourparlers directs lundi \u00e0 Istanbul, o\u00f9 s&rsquo;\u00e9tait tenu un <a href=\"https:\/\/www.tf1info.fr\/international\/guerre-ukraine-russie-moscou-propose-a-kiev-de-nouveaux-pourparlers-a-istanbul-lundi-2373676.html\" target=\"_blank\" rel=\"noopener\">premier rendez-vous infructueux (nouvelle fen\u00eatre)<\/a> le 16 mai. L&rsquo;Ukraine, qui accuse la Russie de ne chercher qu&rsquo;\u00e0 gagner du temps, n&rsquo;a pas encore dit si elle acceptait. Elle demande notamment \u00e0 recevoir \u00e0 l&rsquo;avance le \u00ab\u00a0m\u00e9morandum\u00a0\u00bb exposant les conditions de Moscou pour une paix durable, ce que le Kremlin a refus\u00e9.<\/p>\n<p>Le pr\u00e9sident ukrainien Volodymyr Zelensky a encore dit ce samedi que les intentions de Moscou n&rsquo;\u00e9taient pas claires, et que, \u00e0 ce stade, la r\u00e9union d&rsquo;Istanbul \u00ab\u00a0ne (semblait) pas tr\u00e8s s\u00e9rieuse\u00a0\u00bb. \u00a0Il a accus\u00e9 la Russie de tout faire pour que celle-ci \u00ab\u00a0n&rsquo;apporte aucun r\u00e9sultat\u00a0\u00bb.<\/p>\n<p>19:50SOUMY, NOUVEAU TH\u00c9\u00c2TRE D&rsquo;UNE OFFENSIVE RUSSE<\/p>\n<p>La Russie a revendiqu\u00e9 samedi la prise d&rsquo;un nouveau village dans la r\u00e9gion ukrainienne de Soumy. Depuis plusieurs jours, Kiev craint un assaut d&rsquo;ampleur dans cette zone, tandis que Vladimir Poutine a annonc\u00e9 le lancement d'\u00a0\u00bbune zone tampon de s\u00e9curit\u00e9\u00a0\u00bb le long des fronti\u00e8res russes. Face \u00e0 cette pression croissante, l&rsquo;Ukraine vient d&rsquo;ordonner de nouvelles \u00e9vacuations.<\/p>\n<p>International<img decoding=\"async\" src=\"https:\/\/www.europesays.com\/fr\/wp-content\/uploads\/2025\/05\/soldats-russes-parade-du-9-05-24-a-moscou-05ebd1-0@1x.jpeg\" alt=\"Guerre en Ukraine : nouvelles \u00e9vacuations dans la r\u00e9gion de Soumy, la menace russe de plus en plus forte ?\" loading=\"lazy\" importance=\"low\" fetchpriority=\"low\" class=\"\" aria-hidden=\"true\"\/><\/p>\n<p>Publi\u00e9 hier \u00e0 17h53<\/p>\n<p>19:08LE BILAN DES FRAPPES S&rsquo;ALOURDIT<\/p>\n<p>Le bilan des derni\u00e8res frappes s&rsquo;alourdit \u00e0 au moins huit personnes tu\u00e9es dans les derni\u00e8res 24 heures, dont une fillette de neuf ans, selon les autorit\u00e9s ukrainiennes.<\/p>\n<p>17:47UN SOUTIEN EUROP\u00c9EN SANS WASHINGTON ?<\/p>\n<p>La France et le Royaume-Uni, aux avant-postes sur le d\u00e9ploiement de forces de \u00ab\u00a0r\u00e9assurance\u00a0\u00bb en Ukraine, \u00e9voquent d\u00e9sormais la n\u00e9cessit\u00e9 de \u00ab\u00a0prendre conscience\u00a0\u00bb du fait que Donald Trump est en train d&rsquo;abandonner l&rsquo;Ukraine, selon le journal britannique <a href=\"https:\/\/www.telegraph.co.uk\/world-news\/2025\/05\/31\/we-must-get-real-trump-abandoning-ukraine-europe-admits\/\" target=\"_blank\" rel=\"noopener\">The Telegraph (nouvelle fen\u00eatre)<\/a>. Selon lui, les craintes de voir le pr\u00e9sident am\u00e9ricain se retirer du dossier, faute d&rsquo;\u00eatre parvenu \u00e0 un accord diplomatique entre Moscou et Kiev, se renforcent. \u00ab\u00a0Soyons r\u00e9alistes et admettons que les \u00c9tats-Unis ne seront jamais \u00e0 bord\u00a0\u00bb, a d\u00e9clar\u00e9 un responsable occidental au quotidien.\u00a0<\/p>\n<p>D&rsquo;apr\u00e8s The Telegraph, Londres et Paris ont ainsi d\u00e9cid\u00e9 de placer d\u00e9sormais davantage d&rsquo;efforts dans le maintien d&rsquo;un soutien militaire \u00e0 Kiev sur le long terme, sans soutien am\u00e9ricain, plut\u00f4t que sur le d\u00e9ploiement de forces europ\u00e9ennes dans le pays.\u00a0<\/p>\n<p>17:12MERZ PARLERA D&rsquo;UKRAINE AVEC TRUMP<\/p>\n<p>Le chancelier allemand Friedrich Merz, qui a pris ses fonctions le 6 mai, rencontrera pour la premi\u00e8re fois jeudi Donald Trump, qui le recevra \u00e0 la Maison Blanche, a d\u00e9clar\u00e9 samedi le porte-parole du gouvernement allemand, Stefan Kornelius. Cette rencontre aura lieu \u00e0 l&rsquo;occasion du premier d\u00e9placement officiel du nouveau dirigeant allemand aux \u00c9tats-Unis. Parmi les sujets abord\u00e9s figurent notamment \u00ab\u00a0la guerre d&rsquo;agression de la Russie contre l&rsquo;Ukraine\u00a0\u00bb, a pr\u00e9cis\u00e9 le porte-parole.<\/p>\n<p>15:24AU MOINS 6 MORTS DANS DES FRAPPES<\/p>\n<p>Les frappes russes se poursuivent par ailleurs dans le pays, faisant selon diff\u00e9rentes autorit\u00e9s locales ukrainiennes au moins 6 morts et 25 bless\u00e9s dans plusieurs r\u00e9gions.<\/p>\n<p>15:23INTENSIFICATION DES ASSAUTS RUSSES<\/p>\n<p>Le commandant en chef de l&rsquo;arm\u00e9e ukrainienne, Oleksandre Syrsky, a affirm\u00e9 samedi que la Russie concentrait ses assauts dans plusieurs zones de la r\u00e9gion de Donetsk, notamment Pokrovsk et Toretsk, mais aussi sur des \u00ab\u00a0parties de la r\u00e9gion de Soumy\u00a0\u00bb.<\/p>\n<p>Il a aussi not\u00e9 que les forces russes intensifiaient leurs assauts bien plus au sud, dans la r\u00e9gion de Zaporijjia, o\u00f9 l&rsquo;Ukraine craint \u00e9galement une offensive.<\/p>\n<p>11:49UN VILLAGE PRIS PAR L&rsquo;ARM\u00c9E RUSSE<\/p>\n<p>La Russie a revendiqu\u00e9 samedi la prise d&rsquo;un nouveau village dans la r\u00e9gion ukrainienne de Soumy, o\u00f9 Kiev craint un assaut d&rsquo;ampleur et vient d&rsquo;ordonner de nouvelles \u00e9vacuations.<\/p>\n<p>Le minist\u00e8re russe de la D\u00e9fense a annonc\u00e9 dans un communiqu\u00e9 avoir pris le village de Vodolagy, pr\u00e8s de la fronti\u00e8re russe dans la r\u00e9gion de Soumy. Il a aussi indiqu\u00e9 s&rsquo;\u00eatre empar\u00e9 d&rsquo;un village de la r\u00e9gion de Donetsk, dans l&rsquo;est, Novopil.<\/p>\n<p>11:04\u00c9VACUATION DE 11 VILLAGES<\/p>\n<p>Les autorit\u00e9s de Soumy, r\u00e9gion du nord-est de l&rsquo;Ukraine frontali\u00e8re de la Russie, ont annonc\u00e9 samedi l&rsquo;\u00e9vacuation obligatoire de 11 villages en raison des \u00ab\u00a0bombardements\u00a0\u00bb, Kiev craignant une offensive russe dans la zone.<\/p>\n<p>\u00ab\u00a0Cette d\u00e9cision a \u00e9t\u00e9 prise compte tenu de la menace constante qui p\u00e8se sur la vie des civils en raison des bombardements des localit\u00e9s frontali\u00e8res\u00a0\u00bb, a indiqu\u00e9 l&rsquo;administration r\u00e9gionale de Soumy. La Russie y a revendiqu\u00e9 la prise de villages ces derni\u00e8res semaines et le pr\u00e9sident ukrainien Volodymyr Zelensky a accus\u00e9 Moscou de masser des soldats \u00e0 la fronti\u00e8re en vue d&rsquo;une offensive.<\/p>\n<p>08:27PERTES DE CES DERNI\u00c8RES 24 HEURES<\/p>\n<p>L&rsquo;arm\u00e9e ukrainienne dit avoir d\u00e9truit deux tanks russes en 24 heures, ainsi que 145 drones et 54 syst\u00e8mes d&rsquo;artillerie. Les militaires de Moscou auraient 1.250 pertes humaines \u00e0 d\u00e9plorer.<\/p>\n<blockquote data-testid=\"EmbedTwitter\" id=\"tweet-1928698742024131048-:Redd6mb6ij9n79m:\" class=\"jsx-aeff1a1c40f54d7a twitter-tweet flex justify-center items-center\"><p>\u00ab\u00a0Adopt the pace of nature: her secret is patience.\u00a0\u00bb Ralph Waldo Emerson The combat losses of the enemy from February 24, 2022 to May 31, 2025.  pic.twitter.com\/QJssMyRWV2 \u2014 Defense of Ukraine (@DefenceU)  May 31, 2025<\/p><\/blockquote>\n<p>07:0110 BLESS\u00c9S C\u00d4T\u00c9 RUSSE<\/p>\n<p>Du c\u00f4t\u00e9 russe, dix personnes ont \u00e9t\u00e9 bless\u00e9es lors d&rsquo;attaques de drones ukrainiens dans la r\u00e9gion de Koursk au cours de la m\u00eame nuit, a indiqu\u00e9 sur Telegram le gouverneur r\u00e9gional par int\u00e9rim Alexandre Khinchtein.<\/p>\n<p>07:002 MORTS DANS DES ATTAQUES NOCTURNES<\/p>\n<p>Deux personnes ont \u00e9t\u00e9 tu\u00e9es dans la nuit de vendredi \u00e0 samedi dans des frappes russes dans les r\u00e9gions de Kherson et Zaporijjia, dans le sud de l&rsquo;Ukraine, selon les autorit\u00e9s.<\/p>\n<p>Dans la r\u00e9gion de Zaporijjia, une fillette de 9 ans a \u00e9t\u00e9 tu\u00e9e et un gar\u00e7on de 16 ans bless\u00e9 dans une attaque aux bombes t\u00e9l\u00e9guid\u00e9es qui a d\u00e9truit plusieurs immeubles dans un village pr\u00e8s de la ligne de front, a \u00e9crit sur Telegram Ivan Fedorov, le chef de l&rsquo;administration r\u00e9gionale.<\/p>\n<p>Dans la ville de Kherson, un homme de 66 ans est mort dans un bombardement contre le district de Dniprovskyi, a indiqu\u00e9 sur Telegram le chef de l&rsquo;administration r\u00e9gionale Oleksandr Prokoudine. Enfin, des bombardements russes ont \u00e9galement fait un bless\u00e9 \u00e0 Kharkiv, dans le nord-est de l&rsquo;Ukraine, selon les autorit\u00e9s.<\/p>\n<p>06:46BIENVENUE<\/p>\n<p>Bonjour et bienvenue \u00e0 toutes et tous dans ce direct consacr\u00e9 aux derni\u00e8res actualit\u00e9s sur la guerre en Ukraine.<\/p>\n<p data-module=\"article-paragraph\" class=\"jsx-362436225 Paragraph\">Y aura-t-il de nouvelles discussions \u00e0 Istanbul lundi ? Le pr\u00e9sident ukrainien Volodymyr Zelensky s&rsquo;est gard\u00e9 vendredi de confirmer la participation de son pays \u00e0 ces pourparlers envisag\u00e9s avec la Russie, accusant Moscou de les saborder en refusant de transmettre \u00e0 l&rsquo;avance son \u00ab\u00a0m\u00e9morandum\u00a0\u00bb d\u00e9taillant ses conditions pour un accord de paix.<\/p>\n<p data-module=\"article-paragraph\" class=\"jsx-362436225 Paragraph Paragraph__End\">\u00ab\u00a0Depuis plus d&rsquo;une semaine, les Russes sont incapables de pr\u00e9senter ce pr\u00e9tendu &lsquo;m\u00e9morandum'\u00a0\u00bb, a d\u00e9nonc\u00e9 vendredi M. Zelensky, en r\u00e9f\u00e9rence \u00e0 un document que Moscou a promis de fournir pour ce deuxi\u00e8me cycle de n\u00e9gociations directes. \u00ab\u00a0La Russie fait tout ce qu&rsquo;elle peut pour qu&rsquo;une prochaine r\u00e9union potentielle n&rsquo;apporte aucun r\u00e9sultat\u00a0\u00bb, a-t-il accus\u00e9.<\/p>\n<p data-module=\"article-paragraph\" class=\"jsx-362436225 Paragraph Paragraph__End\">Le porte-parole du Kremlin Dmitri Peskov, questionn\u00e9 \u00e0 ce sujet plus t\u00f4t vendredi, a de nouveau refus\u00e9 de transmettre \u00e0 l&rsquo;avance ce document et dit que le texte serait discut\u00e9 \u00ab\u00a0lors du deuxi\u00e8me cycle de n\u00e9gociations\u00a0\u00bb.<\/p>\n<ul class=\"jsx-3657663356 ReadMoreArticle__List flex flex-column\">\n<li class=\"jsx-3657663356\"><a href=\"https:\/\/www.tf1info.fr\/international\/ukraine-un-homme-de-21-ans-condamne-pour-avoir-aide-la-russie-a-cibler-des-frappes-aeriennes-2374077.html\" rel=\"noopener\" class=\"jsx-4233824444 Link flex\" target=\"_blank\"><img decoding=\"async\" src=\"https:\/\/www.europesays.com\/fr\/wp-content\/uploads\/2025\/05\/brigade-anne-de-kiev-c047bb-0@1x.jpeg\" alt=\"Des soldats ukrainiens de la 155e brigade m\u00e9canis\u00e9e s\u00e9par\u00e9e se tiennent \u00e0 c\u00f4t\u00e9 de v\u00e9hicules militaires lors d'un exercice d'entra\u00eenement de l'arm\u00e9e fran\u00e7aise au camp militaire de Mourmelon-le-Grand, le 14 novembre 2024\" loading=\"lazy\" importance=\"low\" fetchpriority=\"low\" class=\"\"\/>\n<p class=\"jsx-3657663356 ReadMoreArticle__Title\">Lire aussi<\/p>\n<p class=\"jsx-3657663356\">Ukraine : un homme de 21 ans condamn\u00e9 pour avoir aid\u00e9 la Russie \u00e0 cibler des frappes a\u00e9riennes<\/p>\n<p><\/a><\/li>\n<\/ul>\n<p data-module=\"article-paragraph\" class=\"jsx-362436225 Paragraph\">Le ministre turc des Affaires \u00e9trang\u00e8res Hakan Fidan, en visite \u00e0 Kiev, avait propos\u00e9 plus t\u00f4t que la Turquie accueille \u00ab\u00a0une rencontre entre M. Trump, M. Poutine et M. Zelensky, sous la direction\u00a0\u00bb du pr\u00e9sident turc Recep Tayyip Erdogan.<\/p>\n<p data-module=\"article-paragraph\" class=\"jsx-362436225 Paragraph Paragraph__End\">Volodymyr Zelensky avait d\u00e9j\u00e0 propos\u00e9 de rencontrer son homologue russe en mai, puis d&rsquo;organiser un format tripartite incluant le pr\u00e9sident am\u00e9ricain, mais le Kremlin n&rsquo;avait pas donn\u00e9 suite, et seul un rendez-vous peu fructueux entre d\u00e9l\u00e9gations avait eu lieu le 16 mai \u00e0 Istanbul. Moscou a depuis propos\u00e9 \u00e0 Kiev de se retrouver pour de nouveaux pourparlers directs lundi dans la m\u00e9gapole turque.<\/p>\n<p>La r\u00e9daction de TF1info<\/p>\n<p><script async src=\"https:\/\/platform.twitter.com\/widgets.js\" charset=\"utf-8\"><\/script><\/p>\n","protected":false},"excerpt":{"rendered":"Moscou a propos\u00e9 \u00e0 Kiev de se retrouver pour de nouveaux pourparlers directs lundi \u00e0 Istanbul.Le pr\u00e9sident ukrainien&hellip;\n","protected":false},"author":2,"featured_media":93184,"comment_status":"","ping_status":"","sticky":false,"template":"","format":"standard","meta":{"footnotes":""},"categories":[1590],"tags":[1111,11,1921,5925,75,73,1777,674,1918,1922,1916,12,2543,132,220,1917,133,1920,135,134],"class_list":{"0":"post-142629","1":"post","2":"type-post","3":"status-publish","4":"format-standard","5":"has-post-thumbnail","7":"category-ukraine","8":"tag-actu","9":"tag-actualites","10":"tag-article-video","11":"tag-conflits-et-guerre","12":"tag-donald-trump","13":"tag-etats-unis","14":"tag-eu","15":"tag-europe","16":"tag-guerre-en-ukraine-une-treve-en-negociation","17":"tag-info","18":"tag-moscou","19":"tag-news","20":"tag-relations-internationales","21":"tag-russie","22":"tag-ukraine","23":"tag-ukraine-4-annee-de-guerre","24":"tag-video","25":"tag-video-international","26":"tag-vladimir-poutine","27":"tag-volodymyr-zelensky"},"share_on_mastodon":{"url":"https:\/\/pubeurope.com\/@fr\/114604742267450281","error":""},"_links":{"self":[{"href":"https:\/\/www.europesays.com\/fr\/wp-json\/wp\/v2\/posts\/142629","targetHints":{"allow":["GET"]}}],"collection":[{"href":"https:\/\/www.europesays.com\/fr\/wp-json\/wp\/v2\/posts"}],"about":[{"href":"https:\/\/www.europesays.com\/fr\/wp-json\/wp\/v2\/types\/post"}],"author":[{"embeddable":true,"href":"https:\/\/www.europesays.com\/fr\/wp-json\/wp\/v2\/users\/2"}],"replies":[{"embeddable":true,"href":"https:\/\/www.europesays.com\/fr\/wp-json\/wp\/v2\/comments?post=142629"}],"version-history":[{"count":0,"href":"https:\/\/www.europesays.com\/fr\/wp-json\/wp\/v2\/posts\/142629\/revisions"}],"wp:featuredmedia":[{"embeddable":true,"href":"https:\/\/www.europesays.com\/fr\/wp-json\/wp\/v2\/media\/93184"}],"wp:attachment":[{"href":"https:\/\/www.europesays.com\/fr\/wp-json\/wp\/v2\/media?parent=142629"}],"wp:term":[{"taxonomy":"category","embeddable":true,"href":"https:\/\/www.europesays.com\/fr\/wp-json\/wp\/v2\/categories?post=142629"},{"taxonomy":"post_tag","embeddable":true,"href":"https:\/\/www.europesays.com\/fr\/wp-json\/wp\/v2\/tags?post=142629"}],"curies":[{"name":"wp","href":"https:\/\/api.w.org\/{rel}","templated":true}]}}