{"id":142630,"date":"2025-05-31T22:12:10","date_gmt":"2025-05-31T22:12:10","guid":{"rendered":"https:\/\/www.europesays.com\/fr\/142630\/"},"modified":"2025-05-31T22:12:10","modified_gmt":"2025-05-31T22:12:10","slug":"wwe-smackdown-giulia-vise-le-titre-des-etats-unis","status":"publish","type":"post","link":"https:\/\/www.europesays.com\/fr\/142630\/","title":{"rendered":"WWE SmackDown : Giulia vise le titre des \u00c9tats-Unis"},"content":{"rendered":"<p>\u00a0<\/p>\n<p>Giulia a officiellement d\u00e9barqu\u00e9 dans le roster de WWE SmackDown et il y a deux semaines et s&rsquo;est rapidement qualifi\u00e9e pour Money in the Bank.<\/p>\n<p style=\"text-align: justify;\">Mais la catcheuse semble avoir un objectif plus pr\u00e9cis en t\u00eate : un titre. <a href=\"https:\/\/catch-newz.com\/wwe\/resultats\/48076-wwe-smackdown-30-mai-2025\" target=\"_blank\" rel=\"noopener\">Lors de SmackDown du 30 mai 2025<\/a>, elle a crois\u00e9 Zelina Vega, toujours championne des \u00c9tats-Unis apr\u00e8s Saturday Night&rsquo;s Main Event, et lui a fait savoir que la ceinture l&rsquo;int\u00e9ressait. Le message est simple : Giulia vise le titre des \u00c9tats-Unis !<\/p>\n<p>\u00a0<\/p>\n<blockquote class=\"twitter-tweet\">\n<p lang=\"en\" dir=\"ltr\">Watch out, <a href=\"https:\/\/twitter.com\/ZelinaVegaWWE?ref_src=twsrc%5Etfw\" target=\"_blank\" rel=\"noopener\">@ZelinaVegaWWE<\/a>!<a href=\"https:\/\/twitter.com\/giulia0221g?ref_src=twsrc%5Etfw\" target=\"_blank\" rel=\"noopener\">@giulia0221g<\/a> has her eyes on the Women&rsquo;s <a href=\"https:\/\/twitter.com\/hashtag\/USTitle?src=hash&amp;ref_src=twsrc%5Etfw\" target=\"_blank\" rel=\"noopener\">#USTitle<\/a>&#8230; \ud83d\udc40<a href=\"https:\/\/twitter.com\/hashtag\/SmackDown?src=hash&amp;ref_src=twsrc%5Etfw\" target=\"_blank\" rel=\"noopener\">#SmackDown<\/a> <a href=\"https:\/\/t.co\/pMricIBW8v\">pic.twitter.com\/pMricIBW8v<\/a><\/p>\n<p>\u2014 WWE (@WWE) <a href=\"https:\/\/twitter.com\/WWE\/status\/1928631115851477502?ref_src=twsrc%5Etfw\" target=\"_blank\" rel=\"noopener\">May 31, 2025<\/a><\/p><\/blockquote>\n<p>\u00a0<\/p>\n<p style=\"text-align: justify;\">Avant \u00e7a, Giulia combattra dans le Money in the Bank Ladder Match contre Alexa Bliss, Rhea Ripley, Roxanne Perez, Naomi et une autre catcheuse dont le nom n&rsquo;est pas encore connu. <a href=\"https:\/\/catch-newz.com\/wwe\/newz\/47809-carte-wwe-money-in-the-bank-2025\" target=\"_blank\" rel=\"noopener\">WWE Money in the Bank<\/a> aura lieu le samedi 7 juin.<\/p>\n<p>\u00a0<\/p>\n<p style=\"text-align: right;\">Cr\u00e9dit photo : WWE<\/p>\n<p>                    <script async src=\"https:\/\/platform.twitter.com\/widgets.js\" charset=\"utf-8\"><\/script><\/p>\n","protected":false},"excerpt":{"rendered":"\u00a0 Giulia a officiellement d\u00e9barqu\u00e9 dans le roster de WWE SmackDown et il y a deux semaines et&hellip;\n","protected":false},"author":2,"featured_media":142631,"comment_status":"","ping_status":"","sticky":false,"template":"","format":"standard","meta":{"footnotes":""},"categories":[1589],"tags":[47,11,73,1866,12,2043,2054,2055,2052,2057,2058,2053,2059,1864,1865,1863,308,2056,2051],"class_list":{"0":"post-142630","1":"post","2":"type-post","3":"status-publish","4":"format-standard","5":"has-post-thumbnail","7":"category-etats-unis","8":"tag-actualite","9":"tag-actualites","10":"tag-etats-unis","11":"tag-etats-unis-damerique","12":"tag-news","13":"tag-nouvelle","14":"tag-nxt","15":"tag-ppv","16":"tag-raw","17":"tag-royal","18":"tag-rumble","19":"tag-smackdown","20":"tag-summerslam","21":"tag-united-states","22":"tag-united-states-of-america","23":"tag-us","24":"tag-usa","25":"tag-wrestlemania","26":"tag-wwe"},"share_on_mastodon":{"url":"https:\/\/pubeurope.com\/@fr\/114604745867421379","error":""},"_links":{"self":[{"href":"https:\/\/www.europesays.com\/fr\/wp-json\/wp\/v2\/posts\/142630","targetHints":{"allow":["GET"]}}],"collection":[{"href":"https:\/\/www.europesays.com\/fr\/wp-json\/wp\/v2\/posts"}],"about":[{"href":"https:\/\/www.europesays.com\/fr\/wp-json\/wp\/v2\/types\/post"}],"author":[{"embeddable":true,"href":"https:\/\/www.europesays.com\/fr\/wp-json\/wp\/v2\/users\/2"}],"replies":[{"embeddable":true,"href":"https:\/\/www.europesays.com\/fr\/wp-json\/wp\/v2\/comments?post=142630"}],"version-history":[{"count":0,"href":"https:\/\/www.europesays.com\/fr\/wp-json\/wp\/v2\/posts\/142630\/revisions"}],"wp:featuredmedia":[{"embeddable":true,"href":"https:\/\/www.europesays.com\/fr\/wp-json\/wp\/v2\/media\/142631"}],"wp:attachment":[{"href":"https:\/\/www.europesays.com\/fr\/wp-json\/wp\/v2\/media?parent=142630"}],"wp:term":[{"taxonomy":"category","embeddable":true,"href":"https:\/\/www.europesays.com\/fr\/wp-json\/wp\/v2\/categories?post=142630"},{"taxonomy":"post_tag","embeddable":true,"href":"https:\/\/www.europesays.com\/fr\/wp-json\/wp\/v2\/tags?post=142630"}],"curies":[{"name":"wp","href":"https:\/\/api.w.org\/{rel}","templated":true}]}}