{"id":142640,"date":"2025-05-31T22:17:09","date_gmt":"2025-05-31T22:17:09","guid":{"rendered":"https:\/\/www.europesays.com\/fr\/142640\/"},"modified":"2025-05-31T22:17:09","modified_gmt":"2025-05-31T22:17:09","slug":"le-psg-champion-deurope-marseille-en-pls","status":"publish","type":"post","link":"https:\/\/www.europesays.com\/fr\/142640\/","title":{"rendered":"Le PSG champion d\u2019Europe\u00a0: Marseille en PLS\u00a0!"},"content":{"rendered":"<p class=\"paragraph text_align_left\">Il n\u2019est pas encore 23 heures, mais la consternation a gagn\u00e9 depuis longtemps les rives du Vieux-Port\u2026 Les supporters marseillais ont rapidement compris qu\u2019ils ne seraient plus les seuls \u00e0 pouvoir se targuer d\u2019avoir remport\u00e9 la Ligue des champions apr\u00e8s <a href=\"https:\/\/www.leparisien.fr\/sports\/football\/ligue-des-champions\/psg-inter-5-0-paris-tout-puissant-31-05-2025-DNPP4HBOWFG23OPCCCDDHQKRKU.php\" target=\"_blank\" rel=\"noreferrer nofollow noopener\">la d\u00e9monstration parisienne \u00e0 Munich ce samedi soir<\/a>.<\/p>\n<p class=\"paragraph text_align_left\">Les deux buts coup sur coup avant les 20 minutes de jeu avaient d\u00e9j\u00e0 rapidement douch\u00e9 l\u2019enthousiasme de supporters de l\u2019OM favorables \u00e0 l\u2019Inter Milan. Pendant que <a href=\"https:\/\/www.leparisien.fr\/culture-loisirs\/musique\/bruce-springsteen-en-concert-a-marseille-le-boss-tres-en-voix-et-en-colere-31-05-2025-BG4MQKFOP5GZFOE4XE74PUXOGI.php\" target=\"_blank\" rel=\"noreferrer nofollow noopener\">Bruce Springsteen enflammait le stade V\u00e9lodrome<\/a> pour son concert g\u00e9ant \u00e0 guichets ferm\u00e9s un an apr\u00e8s une annulation due \u00e0 une extinction de voix, les supporters de l\u2019OM qui n\u2019ont pas regard\u00e9 le match chez eux se sont r\u00e9unis sur le Vieux-Port pour la suivre la rencontre sur les \u00e9crans des bars. Avec, eux aussi, une baisse progressive de leur volume sonore.<\/p>\n","protected":false},"excerpt":{"rendered":"Il n\u2019est pas encore 23 heures, mais la consternation a gagn\u00e9 depuis longtemps les rives du Vieux-Port\u2026 Les&hellip;\n","protected":false},"author":2,"featured_media":142641,"comment_status":"","ping_status":"","sticky":false,"template":"","format":"standard","meta":{"footnotes":""},"categories":[2],"tags":[11,459,63,1011,27,447,12,25,60],"class_list":{"0":"post-142640","1":"post","2":"type-post","3":"status-publish","4":"format-standard","5":"has-post-thumbnail","7":"category-actualites","8":"tag-actualites","9":"tag-departements-horsidfo","10":"tag-football","11":"tag-fr","12":"tag-france","13":"tag-ligue-des-champions","14":"tag-news","15":"tag-republique-francaise","16":"tag-sports"},"share_on_mastodon":{"url":"https:\/\/pubeurope.com\/@fr\/114604765606141656","error":""},"_links":{"self":[{"href":"https:\/\/www.europesays.com\/fr\/wp-json\/wp\/v2\/posts\/142640","targetHints":{"allow":["GET"]}}],"collection":[{"href":"https:\/\/www.europesays.com\/fr\/wp-json\/wp\/v2\/posts"}],"about":[{"href":"https:\/\/www.europesays.com\/fr\/wp-json\/wp\/v2\/types\/post"}],"author":[{"embeddable":true,"href":"https:\/\/www.europesays.com\/fr\/wp-json\/wp\/v2\/users\/2"}],"replies":[{"embeddable":true,"href":"https:\/\/www.europesays.com\/fr\/wp-json\/wp\/v2\/comments?post=142640"}],"version-history":[{"count":0,"href":"https:\/\/www.europesays.com\/fr\/wp-json\/wp\/v2\/posts\/142640\/revisions"}],"wp:featuredmedia":[{"embeddable":true,"href":"https:\/\/www.europesays.com\/fr\/wp-json\/wp\/v2\/media\/142641"}],"wp:attachment":[{"href":"https:\/\/www.europesays.com\/fr\/wp-json\/wp\/v2\/media?parent=142640"}],"wp:term":[{"taxonomy":"category","embeddable":true,"href":"https:\/\/www.europesays.com\/fr\/wp-json\/wp\/v2\/categories?post=142640"},{"taxonomy":"post_tag","embeddable":true,"href":"https:\/\/www.europesays.com\/fr\/wp-json\/wp\/v2\/tags?post=142640"}],"curies":[{"name":"wp","href":"https:\/\/api.w.org\/{rel}","templated":true}]}}