{"id":14266,"date":"2025-04-10T05:42:08","date_gmt":"2025-04-10T05:42:08","guid":{"rendered":"https:\/\/www.europesays.com\/fr\/14266\/"},"modified":"2025-04-10T05:42:08","modified_gmt":"2025-04-10T05:42:08","slug":"en-ukraine-lindustrie-mobilise-les-femmes","status":"publish","type":"post","link":"https:\/\/www.europesays.com\/fr\/14266\/","title":{"rendered":"en Ukraine, l\u2019industrie mobilise les femmes"},"content":{"rendered":"<p><strong>VU D\u2019AILLEURS <\/strong>&#8211; Dans les usines ukrainiennes, les femmes remplacent les hommes partis au combat.<\/p>\n<p class=\"fig-paragraph\">Par Laura Lucchini (La Repubblica)<\/p>\n<p class=\"fig-paragraph\">\u00c0 Dnipro, dans l\u2019est de l\u2019<a href=\"http:\/\/www.lefigaro.fr\/international\/guerre-en-ukraine-zelensky-annonce-la-capture-de-deux-citoyens-chinois-qui-combattaient-dans-l-armee-russe-20250408\" data-fig-type=\"NewsFlash\" data-gtm-custom-categorie=\"navigation\" data-gtm-custom-action=\"crossclick\" data-gtm-custom-label=\"Contextuel\" data-gtm-event=\"customEventSPE\" data-fig-domain=\"LEFIGARO\" rel=\"nofollow noopener\" target=\"_blank\">Ukraine<\/a>, Larissa Prylypa ne perd rien de sa bonne humeur. \u00ab\u00a0Les shifts durent 12 heures, et nous devons arriver une demi-heure plus t\u00f4t pour nous pr\u00e9parer. Comme le b\u00e2timent est immense et qu\u2019il est bien trop dangereux d\u2019en sortir, nous mangeons \u00e0 l\u2019int\u00e9rieur de l\u2019aci\u00e9rie. Mais je ne me plains pas\u00a0: les repas sont chauds, et les pauses r\u00e9guli\u00e8res. Ils organisent m\u00eame le transport aller-retour entre le domicile et l\u2019usine. Cela dit, il nous arrive d\u2019avoir peur. Pendant les shifts de nuit, il n\u2019est pas rare que notre chef de service nous ordonne de nous abriter au sous-sol. L\u2019\u00e9pisode le plus terrifiant s\u2019est produit fin janvier. Nous sommes rest\u00e9s des heures dans l\u2019abri, sans pouvoir utiliser nos t\u00e9l\u00e9phones pour prendre des nouvelles de nos enfants. Quand nous sommes enfin sortis, nous nous sommes retrouv\u00e9s face \u00e0 un missile Grad russe, qui avait souffl\u00e9 les fen\u00eatres du laboratoire. Regardez, je vous montre la photo.\u00a0\u00bb<\/p>\n<p class=\"fig-premium-paywall__infos\">\n        Cet article est r\u00e9serv\u00e9 aux abonn\u00e9s.        Il vous reste 83% \u00e0 d\u00e9couvrir.\n    <\/p>\n<p>                <img  data- alt=\"Le Figaro\" class=\"fig-img--complete fig-img\"\/><\/p>\n<p class=\"fig-premium-paywall__title\">Vous avez envie de lire la suite ?<\/p>\n<p class=\"fig-premium-paywall__subtitle\">D\u00e9bloquez tous les articles imm\u00e9diatement.<\/p>\n<p class=\"fig-premium-paywall__connect\">\n                D\u00e9j\u00e0 abonn\u00e9\u00a0?                <a class=\"fig-premium-paywall__connect-link\" href=\"https:\/\/connect.lefigaro.fr\/login?client=horizon_web&amp;type=main&amp;redirect_uri=https%3A%2F%2Fwww.lefigaro.fr%2Finternational%2Fles-hommes-sont-partis-beaucoup-sont-morts-en-ukraine-l-industrie-mobilise-les-femmes-20250410\" data-js-gtm=\"{&quot;customCategorie&quot;: &quot;conversion&quot;, &quot;customAction&quot;: &quot;before_Landing_Connexion_paywall_auto&quot;, &quot;customLabel&quot;: &quot;bGVmaWdhcm8uZnJfXzFmMDE1M2EwLTQ2YWYtNmQ0OC04Y2Q4LTAzMjY5OGRmMWVkNV9fQXJ0aWNsZQ==_\u00ab Les hommes sont partis, beaucoup sont morts\u00a0\u00bb\u00a0: en Ukraine, l\u2019industrie mobilise les femmes_966&quot;, &quot;customIDSPE&quot;: &quot;bGVmaWdhcm8uZnJfXzFmMDE1M2EwLTQ2YWYtNmQ0OC04Y2Q4LTAzMjY5OGRmMWVkNV9fQXJ0aWNsZQ==&quot;, &quot;event&quot;: &quot;customEventSPE&quot;}\" rel=\"nofollow noopener\" target=\"_blank\"><br \/>\n                    Connectez-vous<br \/>\n                <\/a>\n            <\/p>\n","protected":false},"excerpt":{"rendered":"VU D\u2019AILLEURS &#8211; Dans les usines ukrainiennes, les femmes remplacent les hommes partis au combat. Par Laura Lucchini&hellip;\n","protected":false},"author":2,"featured_media":14267,"comment_status":"","ping_status":"","sticky":false,"template":"","format":"standard","meta":{"footnotes":""},"categories":[1590],"tags":[259,11,260,1777,674,131,14,261,12,262,220],"class_list":{"0":"post-14266","1":"post","2":"type-post","3":"status-publish","4":"format-standard","5":"has-post-thumbnail","7":"category-ukraine","8":"tag-actualite-internationale","9":"tag-actualites","10":"tag-affaires-etrangeres","11":"tag-eu","12":"tag-europe","13":"tag-guerre-en-ukraine","14":"tag-international","15":"tag-ministere-des-affaires-etrangeres","16":"tag-news","17":"tag-politique-etrangere","18":"tag-ukraine"},"share_on_mastodon":{"url":"https:\/\/pubeurope.com\/@fr\/114312075311029588","error":""},"_links":{"self":[{"href":"https:\/\/www.europesays.com\/fr\/wp-json\/wp\/v2\/posts\/14266","targetHints":{"allow":["GET"]}}],"collection":[{"href":"https:\/\/www.europesays.com\/fr\/wp-json\/wp\/v2\/posts"}],"about":[{"href":"https:\/\/www.europesays.com\/fr\/wp-json\/wp\/v2\/types\/post"}],"author":[{"embeddable":true,"href":"https:\/\/www.europesays.com\/fr\/wp-json\/wp\/v2\/users\/2"}],"replies":[{"embeddable":true,"href":"https:\/\/www.europesays.com\/fr\/wp-json\/wp\/v2\/comments?post=14266"}],"version-history":[{"count":0,"href":"https:\/\/www.europesays.com\/fr\/wp-json\/wp\/v2\/posts\/14266\/revisions"}],"wp:featuredmedia":[{"embeddable":true,"href":"https:\/\/www.europesays.com\/fr\/wp-json\/wp\/v2\/media\/14267"}],"wp:attachment":[{"href":"https:\/\/www.europesays.com\/fr\/wp-json\/wp\/v2\/media?parent=14266"}],"wp:term":[{"taxonomy":"category","embeddable":true,"href":"https:\/\/www.europesays.com\/fr\/wp-json\/wp\/v2\/categories?post=14266"},{"taxonomy":"post_tag","embeddable":true,"href":"https:\/\/www.europesays.com\/fr\/wp-json\/wp\/v2\/tags?post=14266"}],"curies":[{"name":"wp","href":"https:\/\/api.w.org\/{rel}","templated":true}]}}