{"id":142667,"date":"2025-05-31T22:34:26","date_gmt":"2025-05-31T22:34:26","guid":{"rendered":"https:\/\/www.europesays.com\/fr\/142667\/"},"modified":"2025-05-31T22:34:26","modified_gmt":"2025-05-31T22:34:26","slug":"le-film-dalex-garland-a-t-il-deja-trouve-sa-vedette","status":"publish","type":"post","link":"https:\/\/www.europesays.com\/fr\/142667\/","title":{"rendered":"le film d&rsquo;Alex Garland a-t-il d\u00e9j\u00e0 trouv\u00e9 sa vedette ?"},"content":{"rendered":"<p data-start=\"146\" data-end=\"579\">La semaine derni\u00e8re, nous avons appris que l\u2019adaptation au cin\u00e9ma d\u2019<a href=\"https:\/\/www.journaldugeek.com\/2024\/06\/24\/le-dlc-delden-ring-ne-fait-pas-lunanimite-et-cest-une-bonne-nouvelle\/\" rel=\"nofollow noopener\" target=\"_blank\">Elden Ring<\/a>, le somptueux Jeu de l\u2019Ann\u00e9e 2022 sign\u00e9 FromSoftware, avait enfin trouv\u00e9 son r\u00e9alisateur en la personne d\u2019Alex Garland. On pouvait donc s\u2019attendre \u00e0 ce que quelques bribes de casting commencent \u00e0 \u00e9merger \u2014 et c\u2019est pr\u00e9cis\u00e9ment ce qui est en train de se d\u00e9rouler, selon Variety. D\u2019apr\u00e8s le m\u00e9dia am\u00e9ricain, il envisagerait de faire appel \u00e0 Kit Connor.<\/p>\n<p data-start=\"581\" data-end=\"1080\">Ce ne serait pas la premi\u00e8re fois que le cin\u00e9aste travaille avec l\u2019acteur anglais. Les deux hommes ont d\u00e9j\u00e0 collabor\u00e9 sur Warfare, sorti en avril dernier. Auparavant, Connor s\u2019est fait un nom dans d\u2019autres grosses productions remarqu\u00e9es, comme <a href=\"https:\/\/www.journaldugeek.com\/2025\/04\/22\/cest-officiel-heartstopper-naura-pas-de-saison-4-mais\/\" rel=\"nofollow noopener\" target=\"_blank\">Heartstopper<\/a>, Rocketman et Civil War. Il dispose donc d\u2019une exp\u00e9rience significative dans des registres tr\u00e8s diff\u00e9rents \u2014 et cela ne sera sans doute pas de trop pour se faire une place dans l\u2019univers imagin\u00e9 par FromSoftware et George R.R. Martin.<\/p>\n<p> Un\u00a0lore\u00a0dense, riche, mais sans doute difficile \u00e0 incarner <\/p>\n<p data-start=\"581\" data-end=\"1080\">En effet, les troupes d\u2019Hidetaka Miyazaki ont tendance \u00e0 raconter leurs histoires en utilisant une bonne dose de storytelling environnemental plut\u00f4t que des dialogues ou narrations classiques. Les personnages iconiques y sont nombreux, certes \u2014 mais il s\u2019agit souvent de pr\u00e9sences relativement abstraites et n\u00e9buleuses, \u00e0 l\u2019image du lore du studio dans son ensemble.<\/p>\n<p> <img loading=\"lazy\" decoding=\"async\" class=\"size-full wp-image-50382640\" src=\"https:\/\/www.europesays.com\/fr\/wp-content\/uploads\/2025\/05\/rad.jpg\" alt=\"\" width=\"1400\" height=\"932\"  \/>\u00a9 FromSoftware <\/p>\n<p data-start=\"1623\" data-end=\"2099\">La premi\u00e8re grande question sera de savoir quelle histoire les sc\u00e9naristes vont tenter de raconter. Comptent-ils aborder toutes les coulisses du Shattering dans son ensemble, \u00e0 partir de la destruction de l\u2019Elden Ring et de l\u2019\u00e9mergence de l\u2019Ordre Dor\u00e9 de Marika\u00a0? Cela semble bien trop ambitieux pour un film isol\u00e9, et il y a fort \u00e0 parier que les producteurs ne souhaitent pas s\u2019engager pour un ou plusieurs sequels avant d\u2019avoir pu jauger les performances du premier opus.<\/p>\n<p data-start=\"2101\" data-end=\"2785\">Le plus probable, c\u2019est que l\u2019\u00e9quipe d\u00e9cide de se focaliser sur un arc narratif pr\u00e9cis. L\u2019avantage, c\u2019est que les axes narratifs exploitables sont \u00e0 la fois tr\u00e8s riches et nombreux. On peut citer p\u00eale-m\u00eale la Nuit des Couteaux Noirs qui a conduit \u00e0 la mort de Godwyn, le p\u00e9riple et les manigances de Marika, les aspirations personnelles des demi-dieux comme Godrick, Ranni et Radahn, ou encore l\u2019histoire tragique de Malenia\u2026 Garland et ses collaborateurs n\u2019ont donc que l\u2019embarras du choix.<\/p>\n<p data-start=\"2101\" data-end=\"2785\">Dans tous les cas, quel que soit l\u2019arc narratif s\u00e9lectionn\u00e9 par l\u2019\u00e9quipe, il faudra un s\u00e9rieux travail d\u2019interpr\u00e9tation et beaucoup de finesse pour retranscrire cet univers \u00e0 sa juste valeur. Il nous tarde d\u00e9j\u00e0 de voir si Connor h\u00e9ritera effectivement du poste, et le cas \u00e9ch\u00e9ant, comment il pourrait se positionner dans un r\u00f4le qui risque d\u2019\u00eatre particuli\u00e8rement exigeant. Rendez-vous dans quelques mois pour les premiers \u00e9l\u00e9ments de r\u00e9ponse concrets.<\/p>\n<blockquote>\n<p class=\"text-base text-neutral-700 dark:text-neutral-300\">\ud83d\udfe3 Pour ne manquer aucune news sur le Journal du Geek, abonnez-vous sur <a href=\"https:\/\/news.google.com\/publications\/CAAqBwgKMNr_hAswwYyCAw?hl=fr&amp;gl=FR&amp;ceid=FR%3Afr\" target=\"_blank\" rel=\"nofollow noopener\">Google Actualit\u00e9s<\/a> et sur <a href=\"https:\/\/whatsapp.com\/channel\/0029VaClM5y4tRry12tb7D2h\" target=\"_blank\" rel=\"nofollow noopener\">notre WhatsApp<\/a>. Et si vous nous adorez, on a <a href=\"https:\/\/www.journaldugeek.com\/newsletter\/\" target=\"_blank\" rel=\"nofollow noopener\">une newsletter tous les matins<\/a>.<\/p>\n<\/blockquote>\n","protected":false},"excerpt":{"rendered":"La semaine derni\u00e8re, nous avons appris que l\u2019adaptation au cin\u00e9ma d\u2019Elden Ring, le somptueux Jeu de l\u2019Ann\u00e9e 2022&hellip;\n","protected":false},"author":2,"featured_media":142668,"comment_status":"","ping_status":"","sticky":false,"template":"","format":"standard","meta":{"footnotes":""},"categories":[1354],"tags":[58,2576,59,1346,1011,27,1360],"class_list":{"0":"post-142667","1":"post","2":"type-post","3":"status-publish","4":"format-standard","5":"has-post-thumbnail","7":"category-films","8":"tag-divertissement","9":"tag-elden-ring","10":"tag-entertainment","11":"tag-films","12":"tag-fr","13":"tag-france","14":"tag-movies"},"share_on_mastodon":{"url":"https:\/\/pubeurope.com\/@fr\/114604832466878069","error":""},"_links":{"self":[{"href":"https:\/\/www.europesays.com\/fr\/wp-json\/wp\/v2\/posts\/142667","targetHints":{"allow":["GET"]}}],"collection":[{"href":"https:\/\/www.europesays.com\/fr\/wp-json\/wp\/v2\/posts"}],"about":[{"href":"https:\/\/www.europesays.com\/fr\/wp-json\/wp\/v2\/types\/post"}],"author":[{"embeddable":true,"href":"https:\/\/www.europesays.com\/fr\/wp-json\/wp\/v2\/users\/2"}],"replies":[{"embeddable":true,"href":"https:\/\/www.europesays.com\/fr\/wp-json\/wp\/v2\/comments?post=142667"}],"version-history":[{"count":0,"href":"https:\/\/www.europesays.com\/fr\/wp-json\/wp\/v2\/posts\/142667\/revisions"}],"wp:featuredmedia":[{"embeddable":true,"href":"https:\/\/www.europesays.com\/fr\/wp-json\/wp\/v2\/media\/142668"}],"wp:attachment":[{"href":"https:\/\/www.europesays.com\/fr\/wp-json\/wp\/v2\/media?parent=142667"}],"wp:term":[{"taxonomy":"category","embeddable":true,"href":"https:\/\/www.europesays.com\/fr\/wp-json\/wp\/v2\/categories?post=142667"},{"taxonomy":"post_tag","embeddable":true,"href":"https:\/\/www.europesays.com\/fr\/wp-json\/wp\/v2\/tags?post=142667"}],"curies":[{"name":"wp","href":"https:\/\/api.w.org\/{rel}","templated":true}]}}