{"id":142669,"date":"2025-05-31T22:35:11","date_gmt":"2025-05-31T22:35:11","guid":{"rendered":"https:\/\/www.europesays.com\/fr\/142669\/"},"modified":"2025-05-31T22:35:11","modified_gmt":"2025-05-31T22:35:11","slug":"ce-serum-booster-de-collagene-a-moins-de-15-euros-permettra-de-lisser-et-repulper-la-peau","status":"publish","type":"post","link":"https:\/\/www.europesays.com\/fr\/142669\/","title":{"rendered":"Ce s\u00e9rum booster de collag\u00e8ne \u00e0 moins de 15 euros permettra de lisser et repulper la peau"},"content":{"rendered":"<p class=\"paragraph text_align_left\">Ce s\u00e9rum booster de collag\u00e8ne Q+A se distingue par sa composition enti\u00e8rement v\u00e9g\u00e9tale et sa polyvalence d\u2019utilisation remarquable. Contrairement aux produits traditionnels, cette formule innovante combine collag\u00e8ne v\u00e9g\u00e9tal, extraits de graines de f\u00e9vier \u00e9pineux et algues marines pour cr\u00e9er un effet lissant imm\u00e9diat et durable. L\u2019application peut s\u2019effectuer directement sur peau propre ou en compl\u00e9ment d\u2019autres soins, offrant ainsi une flexibilit\u00e9 appr\u00e9ciable dans la routine beaut\u00e9 quotidienne. Les utilisateurs rapportent g\u00e9n\u00e9ralement une am\u00e9lioration visible de la texture cutan\u00e9e apr\u00e8s quelques semaines d\u2019usage r\u00e9gulier et assidu. <a href=\"https:\/\/www.amazon.fr\/S%C3%A9rum-Booster-collag%C3%A8ne-15\/dp\/B0CH8KXHYC?&amp;linkCode=ll1&amp;tag=lepar-mai2025-21&amp;linkId=95a74593e189309c67f6dff3c8f79da6&amp;language=fr_FR&amp;ref_=as_li_ss_tl\" target=\"_blank\" rel=\"sponsored nofollow noopener\">Ce concentr\u00e9 de 15 ml est propos\u00e9 \u00e0 15,60 euros sur Amazon<\/a>, repr\u00e9sentant un excellent rapport qualit\u00e9-prix dans sa cat\u00e9gorie.<\/p>\n<p><b>Le s\u00e9rum Q+A : une approche v\u00e9g\u00e9tale du collag\u00e8ne \u00e0 prix accessible<\/b><\/p>\n<p class=\"paragraph text_align_left\"><a href=\"https:\/\/www.amazon.fr\/S%C3%A9rum-Booster-collag%C3%A8ne-15\/dp\/B0CH8KXHYC?&amp;linkCode=ll1&amp;tag=lepar-mai2025-21&amp;linkId=95a74593e189309c67f6dff3c8f79da6&amp;language=fr_FR&amp;ref_=as_li_ss_tl\" target=\"_blank\" rel=\"sponsored nofollow noopener\">Le s\u00e9rum booster de collag\u00e8ne Q+A<\/a> r\u00e9volutionne les soins anti-\u00e2ge gr\u00e2ce \u00e0 sa formulation hautement concentr\u00e9e et respectueuse de l\u2019environnement. Cette alternative v\u00e9g\u00e9talienne au collag\u00e8ne animal int\u00e8gre des peptides d\u00e9riv\u00e9s de plantes qui stimulent naturellement la production de collag\u00e8ne endog\u00e8ne de mani\u00e8re efficace. L\u2019extrait de graines de f\u00e9vier \u00e9pineux cr\u00e9e un r\u00e9seau tridimensionnel \u00e0 la surface cutan\u00e9e, procurant un effet tenseur instantan\u00e9 particuli\u00e8rement efficace sur les ridules d\u2019expression et les signes de fatigue. Les algues marines, riches en vitamines et antioxydants essentiels, renforcent la barri\u00e8re protectrice naturelle tout en am\u00e9liorant l\u2019\u00e9lasticit\u00e9 tissulaire de fa\u00e7on significative. La b\u00e9ta\u00efne, issue de la betterave sucri\u00e8re, \u00e9quilibre l\u2019hydratation sans laisser de film collant, garantissant une absorption optimale et un confort d\u2019utilisation exceptionnel. Fabriqu\u00e9 au Royaume-Uni selon des standards \u00e9lev\u00e9s de qualit\u00e9, ce s\u00e9rum de 15 ml convient parfaitement aux peaux matures recherchant une approche douce mais efficace. L\u2019offre demeure particuli\u00e8rement attractive pour d\u00e9couvrir les bienfaits du collag\u00e8ne v\u00e9g\u00e9tal.<\/p>\n<p class=\"paragraph text_align_left\">Cliquez ici pour <a href=\"https:\/\/www.amazon.fr\/S%C3%A9rum-Booster-collag%C3%A8ne-15\/dp\/B0CH8KXHYC?&amp;linkCode=ll1&amp;tag=lepar-mai2025-21&amp;linkId=95a74593e189309c67f6dff3c8f79da6&amp;language=fr_FR&amp;ref_=as_li_ss_tl\" target=\"_blank\" rel=\"sponsored nofollow noopener\">profiter de l\u2019offre sur le s\u00e9rum booster de collag\u00e8ne Q+A sur Amazon<\/a><\/p>\n","protected":false},"excerpt":{"rendered":"Ce s\u00e9rum booster de collag\u00e8ne Q+A se distingue par sa composition enti\u00e8rement v\u00e9g\u00e9tale et sa polyvalence d\u2019utilisation remarquable.&hellip;\n","protected":false},"author":2,"featured_media":142670,"comment_status":"","ping_status":"","sticky":false,"template":"","format":"standard","meta":{"footnotes":""},"categories":[10],"tags":[2424,1011,27,749,72,25080,71,27063],"class_list":{"0":"post-142669","1":"post","2":"type-post","3":"status-publish","4":"format-standard","5":"has-post-thumbnail","7":"category-sante","8":"tag-beaute","9":"tag-fr","10":"tag-france","11":"tag-guide-shopping","12":"tag-health","13":"tag-mode-soins","14":"tag-sante","15":"tag-serum"},"share_on_mastodon":{"url":"https:\/\/pubeurope.com\/@fr\/114604836322083361","error":""},"_links":{"self":[{"href":"https:\/\/www.europesays.com\/fr\/wp-json\/wp\/v2\/posts\/142669","targetHints":{"allow":["GET"]}}],"collection":[{"href":"https:\/\/www.europesays.com\/fr\/wp-json\/wp\/v2\/posts"}],"about":[{"href":"https:\/\/www.europesays.com\/fr\/wp-json\/wp\/v2\/types\/post"}],"author":[{"embeddable":true,"href":"https:\/\/www.europesays.com\/fr\/wp-json\/wp\/v2\/users\/2"}],"replies":[{"embeddable":true,"href":"https:\/\/www.europesays.com\/fr\/wp-json\/wp\/v2\/comments?post=142669"}],"version-history":[{"count":0,"href":"https:\/\/www.europesays.com\/fr\/wp-json\/wp\/v2\/posts\/142669\/revisions"}],"wp:featuredmedia":[{"embeddable":true,"href":"https:\/\/www.europesays.com\/fr\/wp-json\/wp\/v2\/media\/142670"}],"wp:attachment":[{"href":"https:\/\/www.europesays.com\/fr\/wp-json\/wp\/v2\/media?parent=142669"}],"wp:term":[{"taxonomy":"category","embeddable":true,"href":"https:\/\/www.europesays.com\/fr\/wp-json\/wp\/v2\/categories?post=142669"},{"taxonomy":"post_tag","embeddable":true,"href":"https:\/\/www.europesays.com\/fr\/wp-json\/wp\/v2\/tags?post=142669"}],"curies":[{"name":"wp","href":"https:\/\/api.w.org\/{rel}","templated":true}]}}