{"id":142673,"date":"2025-05-31T22:37:11","date_gmt":"2025-05-31T22:37:11","guid":{"rendered":"https:\/\/www.europesays.com\/fr\/142673\/"},"modified":"2025-05-31T22:37:11","modified_gmt":"2025-05-31T22:37:11","slug":"pour-finir-son-concert-au-velodrome-bruce-springsteen-na-pas-oublie-ses-classiques","status":"publish","type":"post","link":"https:\/\/www.europesays.com\/fr\/142673\/","title":{"rendered":"Pour finir son concert au V\u00e9lodrome, Bruce Springsteen n&rsquo;a pas oubli\u00e9 ses classiques"},"content":{"rendered":"<p>L&rsquo;homme est en mission. <a href=\"https:\/\/www.laprovence.com\/article\/culture-loisirs\/118824130947714\/bruce-springsteen-commence-son-concert-au-velodrome-en-chargeant-donald-trump\" target=\"_blank\" rel=\"nofollow noopener\">Bruce Springsteen<\/a> l&rsquo;a encore rappel\u00e9, ce samedi soir, au V\u00e9lodrome. Tout au long de son parcours de songwriter, il a \u00ab\u00a0toujours essay\u00e9 d&rsquo;\u00eatre le meilleur ambassadeur possible des \u00c9tats-Unis\u00a0\u00bb. Aujourd&rsquo;hui, toutefois, il estime ne plus reconna\u00eetre son pays. Ou tout au moins ce que \u00ab\u00a0des \u00e9lus cens\u00e9s le repr\u00e9senter en font apr\u00e8s avoir laiss\u00e9 un d\u00e9magogue \u00e0 sa t\u00eate\u00a0\u00bb.<\/p>\n<p>On venait d&rsquo;atteindre les deux tiers du concert et The Boss veillait \u00e0 ne pas oublier Donald Trump sans r\u00e9ellement le nommer. Mais comme une soir\u00e9e rock est aussi un rendez-vous de convivialit\u00e9 et d&rsquo;une certaine l\u00e9g\u00e8ret\u00e9 malgr\u00e9 \u00ab\u00a0le poids des \u00e9v\u00e9nements actuels\u00a0\u00bb, Springsteen n&rsquo;a pas oubli\u00e9 non plus de faire d\u00e9filer ses plus grands standards sur un rythme effr\u00e9n\u00e9.<\/p>\n<p>\u00ab\u00a0Badlands\u00a0\u00bb et \u00ab\u00a0Thunder Road\u00a0\u00bb, entre autres, ont entam\u00e9 cette derni\u00e8re s\u00e9quence, avant qu&rsquo;on en vienne \u00e0 l&rsquo;incontournable \u00ab\u00a0Born in the USA\u00a0\u00bb scand\u00e9 dans un V\u00e9lodrome enti\u00e8rement baign\u00e9 de lumi\u00e8res vives. Celles-ci ont accompagn\u00e9 un final d&rsquo;enfer ponctu\u00e9 notamment par \u00ab\u00a0Born to run\u00a0\u00bb et \u00ab\u00a0Dancing in the dark\u00a0\u00bb devant un public debout qui en redemandait. Il fut servi puisque Springsteen et ses acolytes lui r\u00e9serv\u00e8rent leur si fameux \u00ab\u00a0Tenth Avenue Freeze Out\u00a0\u00bb. The Boss et E Street Band avaient d\u00e9cid\u00e9 de ne pas quitter les lieux. Ils s&rsquo;y r\u00e9sign\u00e8rent au bout de presque trois heures de show apr\u00e8s des reprises des Beatles et de Bob Dylan (\u00ab\u00a0Chimes of freedom\u00a0\u00bb). Sacr\u00e9 Springsteen !<\/p>\n","protected":false},"excerpt":{"rendered":"L&rsquo;homme est en mission. Bruce Springsteen l&rsquo;a encore rappel\u00e9, ce samedi soir, au V\u00e9lodrome. Tout au long de&hellip;\n","protected":false},"author":2,"featured_media":142674,"comment_status":"","ping_status":"","sticky":false,"template":"","format":"standard","meta":{"footnotes":""},"categories":[8],"tags":[17,3684,1697,251,58,59,27064,1011,27,471,3711,3685,957],"class_list":{"0":"post-142673","1":"post","2":"type-post","3":"status-publish","4":"format-standard","5":"has-post-thumbnail","7":"category-divertissement","8":"tag-17","9":"tag-bruce","10":"tag-concert","11":"tag-culture","12":"tag-divertissement","13":"tag-entertainment","14":"tag-finir","15":"tag-fr","16":"tag-france","17":"tag-pour","18":"tag-son","19":"tag-springsteen","20":"tag-velodrome"},"share_on_mastodon":{"url":"https:\/\/pubeurope.com\/@fr\/114604844318264547","error":""},"_links":{"self":[{"href":"https:\/\/www.europesays.com\/fr\/wp-json\/wp\/v2\/posts\/142673","targetHints":{"allow":["GET"]}}],"collection":[{"href":"https:\/\/www.europesays.com\/fr\/wp-json\/wp\/v2\/posts"}],"about":[{"href":"https:\/\/www.europesays.com\/fr\/wp-json\/wp\/v2\/types\/post"}],"author":[{"embeddable":true,"href":"https:\/\/www.europesays.com\/fr\/wp-json\/wp\/v2\/users\/2"}],"replies":[{"embeddable":true,"href":"https:\/\/www.europesays.com\/fr\/wp-json\/wp\/v2\/comments?post=142673"}],"version-history":[{"count":0,"href":"https:\/\/www.europesays.com\/fr\/wp-json\/wp\/v2\/posts\/142673\/revisions"}],"wp:featuredmedia":[{"embeddable":true,"href":"https:\/\/www.europesays.com\/fr\/wp-json\/wp\/v2\/media\/142674"}],"wp:attachment":[{"href":"https:\/\/www.europesays.com\/fr\/wp-json\/wp\/v2\/media?parent=142673"}],"wp:term":[{"taxonomy":"category","embeddable":true,"href":"https:\/\/www.europesays.com\/fr\/wp-json\/wp\/v2\/categories?post=142673"},{"taxonomy":"post_tag","embeddable":true,"href":"https:\/\/www.europesays.com\/fr\/wp-json\/wp\/v2\/tags?post=142673"}],"curies":[{"name":"wp","href":"https:\/\/api.w.org\/{rel}","templated":true}]}}