{"id":142700,"date":"2025-05-31T22:55:14","date_gmt":"2025-05-31T22:55:14","guid":{"rendered":"https:\/\/www.europesays.com\/fr\/142700\/"},"modified":"2025-05-31T22:55:14","modified_gmt":"2025-05-31T22:55:14","slug":"apres-la-victoire-du-psg-la-fete-degenere-quatre-pietons-fauches-par-un-automobiliste-dans-le-centre-de-grenoble","status":"publish","type":"post","link":"https:\/\/www.europesays.com\/fr\/142700\/","title":{"rendered":"Apr\u00e8s la victoire du PSG. La f\u00eate d\u00e9g\u00e9n\u00e8re, quatre pi\u00e9tons fauch\u00e9s par un automobiliste dans le centre de Grenoble"},"content":{"rendered":"<p>Alors que les supporters du <a href=\"https:\/\/www.ledauphine.com\/sport\/2025\/05\/31\/la-consecration-du-psg-qui-remporte-la-premiere-ligue-des-champions-de-son-histoire\" target=\"_blank\" rel=\"nofollow noopener\">PSG f\u00eataient la victoire<\/a> \u00e0 grands coups de klaxon et de tirs de feux d&rsquo;artifice, la f\u00eate a tourn\u00e9 au drame ce samedi soir sur le cours Jean-Jaur\u00e9s \u00e0 Grenoble.<\/p>\n<p>Le conducteur d&rsquo;une BMW s\u00e9rie 1 qui roulait \u00e0 vive allure sur les voies centrales du tramway, cours Jean-Jaur\u00e8s, en direction d&rsquo;Echirolles, a voulu faire un demi-tour au frein \u00e0 main \u00e0 l&rsquo;intersection de l&rsquo;avenue Alsace-Lorraine. Il a alors fauch\u00e9 quatre pi\u00e9tons, deux jeunes hommes de 17 ans et deux femmes de 23 et 46 ans, membres de la m\u00eame famille.<\/p>\n<p>L&rsquo;automobiliste a abandonn\u00e9 sa voiture et pris la fuite en courant de peur de se faire lyncher par la foule.\u00a0Selon nos informations, il se serait rendu quelques minutes plus tard aux policiers qui l&rsquo;ont imm\u00e9diatement plac\u00e9 en garde \u00e0 vue.<\/p>\n<p>  Pronostic vital engag\u00e9 pour une victime<\/p>\n<p>Pendant ce temps, une trentaine de sapeurs-pompiers et une \u00e9quipe du Samu 38 \u00e9taient d\u00e9p\u00eaches sur place pour porter secours aux victimes.\u00a0Les deux femmes et un des adolescents ont \u00e9t\u00e9 class\u00e9s en urgence absolue, le pronostic vital de l&rsquo;un d&rsquo;eux \u00e9tant m\u00eame engag\u00e9, l&rsquo;autre adolescent semblant moins gravement touch\u00e9.\u00a0Tous ont \u00e9t\u00e9 m\u00e9dicalis\u00e9s et transport\u00e9s au Chu Grenoble Alpes.<\/p>\n<p>Les policiers grenoblois ont d\u00fb s\u00e9curiser leur intervention alors que des groupes hostiles jetaient des pierres et des bouteilles dans leur direction.\u00a0Les policiers ont d\u00fb riposter par des tirs de grenades lacrymog\u00e8nes afin de les faire reculer.<\/p>\n","protected":false},"excerpt":{"rendered":"Alors que les supporters du PSG f\u00eataient la victoire \u00e0 grands coups de klaxon et de tirs de&hellip;\n","protected":false},"author":2,"featured_media":142701,"comment_status":"","ping_status":"","sticky":false,"template":"","format":"standard","meta":{"footnotes":""},"categories":[9566],"tags":[119,1111,11,2430,112,1777,674,274,107,63,1011,27,2731,108,12,25,517],"class_list":{"0":"post-142700","1":"post","2":"type-post","3":"status-publish","4":"format-standard","5":"has-post-thumbnail","7":"category-grenoble","8":"tag-accident","9":"tag-actu","10":"tag-actualites","11":"tag-auvergne-rhone-alpes","12":"tag-edition-grenoble-agglomeration","13":"tag-eu","14":"tag-europe","15":"tag-faits-divers-justice","16":"tag-fil-info","17":"tag-football","18":"tag-fr","19":"tag-france","20":"tag-grenoble","21":"tag-isere","22":"tag-news","23":"tag-republique-francaise","24":"tag-sport"},"share_on_mastodon":{"url":"https:\/\/pubeurope.com\/@fr\/114604914978232241","error":""},"_links":{"self":[{"href":"https:\/\/www.europesays.com\/fr\/wp-json\/wp\/v2\/posts\/142700","targetHints":{"allow":["GET"]}}],"collection":[{"href":"https:\/\/www.europesays.com\/fr\/wp-json\/wp\/v2\/posts"}],"about":[{"href":"https:\/\/www.europesays.com\/fr\/wp-json\/wp\/v2\/types\/post"}],"author":[{"embeddable":true,"href":"https:\/\/www.europesays.com\/fr\/wp-json\/wp\/v2\/users\/2"}],"replies":[{"embeddable":true,"href":"https:\/\/www.europesays.com\/fr\/wp-json\/wp\/v2\/comments?post=142700"}],"version-history":[{"count":0,"href":"https:\/\/www.europesays.com\/fr\/wp-json\/wp\/v2\/posts\/142700\/revisions"}],"wp:featuredmedia":[{"embeddable":true,"href":"https:\/\/www.europesays.com\/fr\/wp-json\/wp\/v2\/media\/142701"}],"wp:attachment":[{"href":"https:\/\/www.europesays.com\/fr\/wp-json\/wp\/v2\/media?parent=142700"}],"wp:term":[{"taxonomy":"category","embeddable":true,"href":"https:\/\/www.europesays.com\/fr\/wp-json\/wp\/v2\/categories?post=142700"},{"taxonomy":"post_tag","embeddable":true,"href":"https:\/\/www.europesays.com\/fr\/wp-json\/wp\/v2\/tags?post=142700"}],"curies":[{"name":"wp","href":"https:\/\/api.w.org\/{rel}","templated":true}]}}