{"id":142710,"date":"2025-05-31T23:03:10","date_gmt":"2025-05-31T23:03:10","guid":{"rendered":"https:\/\/www.europesays.com\/fr\/142710\/"},"modified":"2025-05-31T23:03:10","modified_gmt":"2025-05-31T23:03:10","slug":"previsions-du-dimanche-1-juin-2025","status":"publish","type":"post","link":"https:\/\/www.europesays.com\/fr\/142710\/","title":{"rendered":"pr\u00e9visions du dimanche 1 juin 2025"},"content":{"rendered":"<p>Des \u00e9claircies sont attendues \u00e0 Nantes : on passera une journ\u00e9e agr\u00e9able. Les temp\u00e9ratures afficheront entre 11 et 22\u00b0C. Le matin, le thermom\u00e8tre affichera 19\u00b0C en moyenne. Un modeste vent de nord-ouest sera ressenti par les habitants. Les valeurs seront comprises entre 20\u00b0C et 22\u00b0C dans l&rsquo;apr\u00e8s-midi. Une nuit claire vous attendra entre dimanche et lundi.<\/p>\n<p>Une chute des temp\u00e9ratures est attendue \u00e0 Nantes, demain. Il va faire environ 16\u00b0C. La matin\u00e9e qui s&rsquo;annonce, promet d&rsquo;\u00eatre belle et ensoleill\u00e9e ! Une brise de nord soufflera doucement. Le ciel va s&rsquo;\u00e9claircir dans l&rsquo;apr\u00e8s-midi. C&rsquo;est une hausse de plusieurs degr\u00e9s que vont conna\u00eetre les temp\u00e9ratures. Ces valeurs s&rsquo;\u00e9chelonneront entre 21 et 23\u00b0C. Dans la soir\u00e9e, les temp\u00e9ratures tourneront autour des 17\u00b0C. Un vent de nord-ouest rafra\u00eechira un peu l&rsquo;atmosph\u00e8re.<\/p>\n<p>Les jours s&rsquo;encha\u00eenent et ne changent pas. Comptez sur 15\u00b0C en moyenne qui accompagneront des journ\u00e9es ensoleill\u00e9es.<\/p>\n<p><\/p>\n","protected":false},"excerpt":{"rendered":"Des \u00e9claircies sont attendues \u00e0 Nantes : on passera une journ\u00e9e agr\u00e9able. Les temp\u00e9ratures afficheront entre 11 et&hellip;\n","protected":false},"author":2,"featured_media":142711,"comment_status":"","ping_status":"","sticky":false,"template":"","format":"standard","meta":{"footnotes":""},"categories":[2818],"tags":[1111,11,1777,674,1011,27,3047,766,12,2636,2119,25],"class_list":{"0":"post-142710","1":"post","2":"type-post","3":"status-publish","4":"format-standard","5":"has-post-thumbnail","7":"category-nantes","8":"tag-actu","9":"tag-actualites","10":"tag-eu","11":"tag-europe","12":"tag-fr","13":"tag-france","14":"tag-loire-atlantique","15":"tag-nantes","16":"tag-news","17":"tag-pays-de-la-loire","18":"tag-previsions-meteo","19":"tag-republique-francaise"},"share_on_mastodon":{"url":"https:\/\/pubeurope.com\/@fr\/114604946452516293","error":""},"_links":{"self":[{"href":"https:\/\/www.europesays.com\/fr\/wp-json\/wp\/v2\/posts\/142710","targetHints":{"allow":["GET"]}}],"collection":[{"href":"https:\/\/www.europesays.com\/fr\/wp-json\/wp\/v2\/posts"}],"about":[{"href":"https:\/\/www.europesays.com\/fr\/wp-json\/wp\/v2\/types\/post"}],"author":[{"embeddable":true,"href":"https:\/\/www.europesays.com\/fr\/wp-json\/wp\/v2\/users\/2"}],"replies":[{"embeddable":true,"href":"https:\/\/www.europesays.com\/fr\/wp-json\/wp\/v2\/comments?post=142710"}],"version-history":[{"count":0,"href":"https:\/\/www.europesays.com\/fr\/wp-json\/wp\/v2\/posts\/142710\/revisions"}],"wp:featuredmedia":[{"embeddable":true,"href":"https:\/\/www.europesays.com\/fr\/wp-json\/wp\/v2\/media\/142711"}],"wp:attachment":[{"href":"https:\/\/www.europesays.com\/fr\/wp-json\/wp\/v2\/media?parent=142710"}],"wp:term":[{"taxonomy":"category","embeddable":true,"href":"https:\/\/www.europesays.com\/fr\/wp-json\/wp\/v2\/categories?post=142710"},{"taxonomy":"post_tag","embeddable":true,"href":"https:\/\/www.europesays.com\/fr\/wp-json\/wp\/v2\/tags?post=142710"}],"curies":[{"name":"wp","href":"https:\/\/api.w.org\/{rel}","templated":true}]}}