{"id":142719,"date":"2025-05-31T23:09:09","date_gmt":"2025-05-31T23:09:09","guid":{"rendered":"https:\/\/www.europesays.com\/fr\/142719\/"},"modified":"2025-05-31T23:09:09","modified_gmt":"2025-05-31T23:09:09","slug":"previsions-du-dimanche-1-juin-2025-2","status":"publish","type":"post","link":"https:\/\/www.europesays.com\/fr\/142719\/","title":{"rendered":"pr\u00e9visions du dimanche 1 juin 2025"},"content":{"rendered":"<p>Dans la journ\u00e9e, les temp\u00e9ratures tourneront autour des 15\u00b0C \u00e0 Lille. Une petite brise de sud-ouest soufflera. Le soleil se montrerait plus t\u00f4t dans la matin\u00e9e si des nuages n&rsquo;\u00e9taient pas pr\u00e9sents dans le ciel. Il faudra emporter son parapluie pour s&rsquo;abriter des pluies \u00e9parses. Un superbe soleil va briller et ce, tout au long de l&rsquo;apr\u00e8s-midi. Les temp\u00e9ratures seront comprises entre 17 et 19\u00b0C. Le passage de dimanche \u00e0 lundi se fera sous un ciel clair.<\/p>\n<p>La grisaille ne se dissipe toujours pas, il va y avoir encore des nuages demain. Du mauvais temps est \u00e0 pr\u00e9voir \u00e0 Lille. Des pluies \u00e9parses vont tomber. Le thermom\u00e8tre affichera 15\u00b0C en moyenne. On observera la pr\u00e9sence persistante de nuages le matin. Un l\u00e9ger vent de sud-ouest sera ressenti par les habitants. Demain apr\u00e8s-midi, des nuages ne voudront pas laisser leur place au soleil. Les valeurs s&rsquo;\u00e9chelonneront de 17 \u00e0 20\u00b0C. Il va faire 16\u00b0C en moyenne demain soir. Un vent d&rsquo;ouest soufflera un peu, avec 8 km\/h.<\/p>\n<p>Une am\u00e9lioration est pr\u00e9vue les jours suivants. Une m\u00e9t\u00e9o ensoleill\u00e9e, avec des temp\u00e9ratures de 16\u00b0C environ, est \u00e0 pr\u00e9voir.<\/p>\n<p><\/p>\n","protected":false},"excerpt":{"rendered":"Dans la journ\u00e9e, les temp\u00e9ratures tourneront autour des 15\u00b0C \u00e0 Lille. Une petite brise de sud-ouest soufflera. Le&hellip;\n","protected":false},"author":2,"featured_media":142720,"comment_status":"","ping_status":"","sticky":false,"template":"","format":"standard","meta":{"footnotes":""},"categories":[2815],"tags":[1111,11,1777,674,1011,27,811,1307,12,1308,1309,2119,25],"class_list":{"0":"post-142719","1":"post","2":"type-post","3":"status-publish","4":"format-standard","5":"has-post-thumbnail","7":"category-lille","8":"tag-actu","9":"tag-actualites","10":"tag-eu","11":"tag-europe","12":"tag-fr","13":"tag-france","14":"tag-hauts-de-france","15":"tag-lille","16":"tag-news","17":"tag-nord","18":"tag-nord-pas-de-calais","19":"tag-previsions-meteo","20":"tag-republique-francaise"},"share_on_mastodon":{"url":"https:\/\/pubeurope.com\/@fr\/114604970085389666","error":""},"_links":{"self":[{"href":"https:\/\/www.europesays.com\/fr\/wp-json\/wp\/v2\/posts\/142719","targetHints":{"allow":["GET"]}}],"collection":[{"href":"https:\/\/www.europesays.com\/fr\/wp-json\/wp\/v2\/posts"}],"about":[{"href":"https:\/\/www.europesays.com\/fr\/wp-json\/wp\/v2\/types\/post"}],"author":[{"embeddable":true,"href":"https:\/\/www.europesays.com\/fr\/wp-json\/wp\/v2\/users\/2"}],"replies":[{"embeddable":true,"href":"https:\/\/www.europesays.com\/fr\/wp-json\/wp\/v2\/comments?post=142719"}],"version-history":[{"count":0,"href":"https:\/\/www.europesays.com\/fr\/wp-json\/wp\/v2\/posts\/142719\/revisions"}],"wp:featuredmedia":[{"embeddable":true,"href":"https:\/\/www.europesays.com\/fr\/wp-json\/wp\/v2\/media\/142720"}],"wp:attachment":[{"href":"https:\/\/www.europesays.com\/fr\/wp-json\/wp\/v2\/media?parent=142719"}],"wp:term":[{"taxonomy":"category","embeddable":true,"href":"https:\/\/www.europesays.com\/fr\/wp-json\/wp\/v2\/categories?post=142719"},{"taxonomy":"post_tag","embeddable":true,"href":"https:\/\/www.europesays.com\/fr\/wp-json\/wp\/v2\/tags?post=142719"}],"curies":[{"name":"wp","href":"https:\/\/api.w.org\/{rel}","templated":true}]}}