{"id":142721,"date":"2025-05-31T23:10:10","date_gmt":"2025-05-31T23:10:10","guid":{"rendered":"https:\/\/www.europesays.com\/fr\/142721\/"},"modified":"2025-05-31T23:10:10","modified_gmt":"2025-05-31T23:10:10","slug":"voici-les-dates-a-marseille-et-dans-les-bouches-du-rhone","status":"publish","type":"post","link":"https:\/\/www.europesays.com\/fr\/142721\/","title":{"rendered":"voici les dates \u00e0 Marseille et dans les Bouches-du-Rh\u00f4ne"},"content":{"rendered":"<p>            Par<br \/>\n        <strong><br \/>\n            <a href=\"https:\/\/actu.fr\/auteur\/thibault-nadal-actu-fr\" title=\"Consulter tous les articles de Thibault Nadal\" rel=\"nofollow noopener\" target=\"_blank\">Thibault Nadal<\/a><br \/>\n        <\/strong><\/p>\n<p>        Publi\u00e9 le<\/p>\n<p>            31 mai 2025 \u00e0 6h38        <\/p>\n<p>C\u2019est une date \u00e0 cocher dans son calendrier pour parfaire sa garde \u00e0 robe avant l\u2019\u00e9t\u00e9. Dans quelques semaines, <a href=\"https:\/\/actu.fr\/tag\/soldes\" rel=\"nofollow noopener\" target=\"_blank\">les soldes d\u2019\u00e9t\u00e9<\/a> vont faire leur grand retour \u00e0 <a href=\"https:\/\/actu.fr\/marseille\/\" rel=\"nofollow noopener\" target=\"_blank\">Marseille<\/a> et dans <a href=\"https:\/\/actu.fr\/provence-alpes-cote-d-azur\/bouches-du-rhone_13\" rel=\"nofollow noopener\" target=\"_blank\">les Bouches-du-Rh\u00f4ne<\/a>.<\/p>\n<p class=\" wall-content\">Voici les dates \u00e0 conna\u00eetre.<\/p>\n<p>Du 28\u00a0juin au 22\u00a0juillet<\/p>\n<p class=\" wall-content\">Cette p\u00e9riode n\u2019est pas d\u00e9finie au hasard, puisque selon Explore France, le site de l\u2019office de tourisme fran\u00e7aise, les soldes doivent <strong>commencer le dernier mercredi du mois de juin<\/strong>. Cette date peut-\u00eatre \u00ab\u2009avanc\u00e9e \u00e0 l\u2019avant-dernier mercredi du mois de juin lorsque le dernier mercredi intervient apr\u00e8s le 28 du mois\u2009\u00bb, pr\u00e9cise l\u2019arr\u00eat\u00e9.<\/p>\n<p class=\" wall-content\">Pour cette ann\u00e9e, on tombe donc sur la date du mercredi 28 juin \u00e0 8h. Comme chaque ann\u00e9e, ils vont durer quatre semaines pour se terminer le mardi 22 juillet 2025.<\/p>\n<p class=\" wall-content\">Cette p\u00e9riode de promotions s\u2019applique aussi bien aux magasins physiques qu\u2019aux e-commerces. \u00ab\u2009Pour le commerce en ligne ou la vente \u00e0 distance (e-commerce), les dates des soldes sont align\u00e9es sur les dates nationales du commerce traditionnel, quel que soit le lieu du si\u00e8ge de l\u2019entreprise\u2009\u00bb, pr\u00e9cise le minist\u00e8re de l\u2019\u00c9conomie \u00e0 <a href=\"https:\/\/actu.fr\/economie\/c-est-bientot-les-soldes-d-ete-2025-voici-les-dates-selon-votre-departement_62668342.html\" rel=\"nofollow noopener\" target=\"_blank\">actu.fr<\/a>.<\/p>\n<p>Vid\u00e9os : en ce moment sur Actu<\/p>\n<p class=\" wall-content\">Suivez toute l\u2019actualit\u00e9 de vos villes et m\u00e9dias favoris en vous inscrivant \u00e0 <a href=\"https:\/\/moncompte.actu.fr\" title=\"D\u00e9couvez Mon Actu\" rel=\"nofollow noopener\" data-trk=\"{&quot;cta&quot;:{&quot;action&quot;:&quot;https:\\\/\\\/moncompte.actu.fr&quot;,&quot;category&quot;:&quot;mon compte&quot;,&quot;from&quot;:&quot;article footer&quot;,&quot;name&quot;:&quot;Mon actu&quot;,&quot;type&quot;:&quot;cta&quot;}}\" target=\"_blank\">Mon Actu<\/a>.<\/p>\n","protected":false},"excerpt":{"rendered":"Par Thibault Nadal Publi\u00e9 le 31 mai 2025 \u00e0 6h38 C\u2019est une date \u00e0 cocher dans son calendrier&hellip;\n","protected":false},"author":2,"featured_media":142722,"comment_status":"","ping_status":"","sticky":false,"template":"","format":"standard","meta":{"footnotes":""},"categories":[2814],"tags":[1111,11,1261,215,1777,674,1011,27,884,12,882,25,104,11772],"class_list":{"0":"post-142721","1":"post","2":"type-post","3":"status-publish","4":"format-standard","5":"has-post-thumbnail","7":"category-marseille","8":"tag-actu","9":"tag-actualites","10":"tag-argent","11":"tag-commerce","12":"tag-eu","13":"tag-europe","14":"tag-fr","15":"tag-france","16":"tag-marseille","17":"tag-news","18":"tag-provence-alpes-cote-dazur","19":"tag-republique-francaise","20":"tag-societe","21":"tag-soldes"},"share_on_mastodon":{"url":"https:\/\/pubeurope.com\/@fr\/114604973959726447","error":""},"_links":{"self":[{"href":"https:\/\/www.europesays.com\/fr\/wp-json\/wp\/v2\/posts\/142721","targetHints":{"allow":["GET"]}}],"collection":[{"href":"https:\/\/www.europesays.com\/fr\/wp-json\/wp\/v2\/posts"}],"about":[{"href":"https:\/\/www.europesays.com\/fr\/wp-json\/wp\/v2\/types\/post"}],"author":[{"embeddable":true,"href":"https:\/\/www.europesays.com\/fr\/wp-json\/wp\/v2\/users\/2"}],"replies":[{"embeddable":true,"href":"https:\/\/www.europesays.com\/fr\/wp-json\/wp\/v2\/comments?post=142721"}],"version-history":[{"count":0,"href":"https:\/\/www.europesays.com\/fr\/wp-json\/wp\/v2\/posts\/142721\/revisions"}],"wp:featuredmedia":[{"embeddable":true,"href":"https:\/\/www.europesays.com\/fr\/wp-json\/wp\/v2\/media\/142722"}],"wp:attachment":[{"href":"https:\/\/www.europesays.com\/fr\/wp-json\/wp\/v2\/media?parent=142721"}],"wp:term":[{"taxonomy":"category","embeddable":true,"href":"https:\/\/www.europesays.com\/fr\/wp-json\/wp\/v2\/categories?post=142721"},{"taxonomy":"post_tag","embeddable":true,"href":"https:\/\/www.europesays.com\/fr\/wp-json\/wp\/v2\/tags?post=142721"}],"curies":[{"name":"wp","href":"https:\/\/api.w.org\/{rel}","templated":true}]}}