{"id":142723,"date":"2025-05-31T23:11:09","date_gmt":"2025-05-31T23:11:09","guid":{"rendered":"https:\/\/www.europesays.com\/fr\/142723\/"},"modified":"2025-05-31T23:11:09","modified_gmt":"2025-05-31T23:11:09","slug":"previsions-du-dimanche-1-juin-2025-3","status":"publish","type":"post","link":"https:\/\/www.europesays.com\/fr\/142723\/","title":{"rendered":"pr\u00e9visions du dimanche 1 juin 2025"},"content":{"rendered":"<p>Aujourd&rsquo;hui, un grand soleil brillera sur Marseille. Les temp\u00e9ratures avoisineront les 22\u00b0C. Il fera 23\u00b0C en moyenne le matin. Une petite brise de sud-ouest sera ressentie par les habitants. Les valeurs afficheront entre 23\u00b0C et 24\u00b0C dans l&rsquo;apr\u00e8s-midi. Les temp\u00e9ratures s&rsquo;\u00e9chelonneront entre 21 et 22\u00b0C pendant la soir\u00e9e. C&rsquo;est un ciel limpide que conna\u00eetra la nuit de dimanche \u00e0 lundi.<\/p>\n<p>Un beau soleil est pr\u00e9vu demain \u00e0 Marseille. Il va faire environ 22\u00b0C. Un vent de sud-est rafra\u00eechira quelque peu l&rsquo;atmosph\u00e8re. Les valeurs iront de 20 \u00e0 23\u00b0C sur l&rsquo;ensemble de la matin\u00e9e. Demain apr\u00e8s-midi, les temp\u00e9ratures seront comprises entre 22 et 23\u00b0C. Les maximales pourront atteindre 22\u00b0C dans la soir\u00e9e et les minimales seront de 21\u00b0C.<\/p>\n<p>La m\u00e9t\u00e9o des jours suivants va \u00e9voluer peu \u00e0 peu. La m\u00e9t\u00e9o perdurera mardi mais une d\u00e9gradation s&rsquo;ensuivra mercredi.<\/p>\n<p><\/p>\n","protected":false},"excerpt":{"rendered":"Aujourd&rsquo;hui, un grand soleil brillera sur Marseille. Les temp\u00e9ratures avoisineront les 22\u00b0C. Il fera 23\u00b0C en moyenne le&hellip;\n","protected":false},"author":2,"featured_media":142724,"comment_status":"","ping_status":"","sticky":false,"template":"","format":"standard","meta":{"footnotes":""},"categories":[2814],"tags":[1111,11,1777,674,1011,27,884,12,2119,882,25],"class_list":{"0":"post-142723","1":"post","2":"type-post","3":"status-publish","4":"format-standard","5":"has-post-thumbnail","7":"category-marseille","8":"tag-actu","9":"tag-actualites","10":"tag-eu","11":"tag-europe","12":"tag-fr","13":"tag-france","14":"tag-marseille","15":"tag-news","16":"tag-previsions-meteo","17":"tag-provence-alpes-cote-dazur","18":"tag-republique-francaise"},"share_on_mastodon":{"url":"https:\/\/pubeurope.com\/@fr\/114604977872355660","error":""},"_links":{"self":[{"href":"https:\/\/www.europesays.com\/fr\/wp-json\/wp\/v2\/posts\/142723","targetHints":{"allow":["GET"]}}],"collection":[{"href":"https:\/\/www.europesays.com\/fr\/wp-json\/wp\/v2\/posts"}],"about":[{"href":"https:\/\/www.europesays.com\/fr\/wp-json\/wp\/v2\/types\/post"}],"author":[{"embeddable":true,"href":"https:\/\/www.europesays.com\/fr\/wp-json\/wp\/v2\/users\/2"}],"replies":[{"embeddable":true,"href":"https:\/\/www.europesays.com\/fr\/wp-json\/wp\/v2\/comments?post=142723"}],"version-history":[{"count":0,"href":"https:\/\/www.europesays.com\/fr\/wp-json\/wp\/v2\/posts\/142723\/revisions"}],"wp:featuredmedia":[{"embeddable":true,"href":"https:\/\/www.europesays.com\/fr\/wp-json\/wp\/v2\/media\/142724"}],"wp:attachment":[{"href":"https:\/\/www.europesays.com\/fr\/wp-json\/wp\/v2\/media?parent=142723"}],"wp:term":[{"taxonomy":"category","embeddable":true,"href":"https:\/\/www.europesays.com\/fr\/wp-json\/wp\/v2\/categories?post=142723"},{"taxonomy":"post_tag","embeddable":true,"href":"https:\/\/www.europesays.com\/fr\/wp-json\/wp\/v2\/tags?post=142723"}],"curies":[{"name":"wp","href":"https:\/\/api.w.org\/{rel}","templated":true}]}}