{"id":142727,"date":"2025-05-31T23:13:09","date_gmt":"2025-05-31T23:13:09","guid":{"rendered":"https:\/\/www.europesays.com\/fr\/142727\/"},"modified":"2025-05-31T23:13:09","modified_gmt":"2025-05-31T23:13:09","slug":"previsions-du-dimanche-1-juin-2025-4","status":"publish","type":"post","link":"https:\/\/www.europesays.com\/fr\/142727\/","title":{"rendered":"pr\u00e9visions du dimanche 1 juin 2025"},"content":{"rendered":"<p>\u00c0 Lyon, les maximales pourront atteindre 30\u00b0C dans la journ\u00e9e tandis que les minimales seront de 15\u00b0C. Un vent de sud-est soufflera l\u00e9g\u00e8rement. Un beau soleil est attendu le matin. Le soleil fera d\u00e9faut l&rsquo;apr\u00e8s-midi, car le ciel sera couvert par des nuages. Des orages de faible intensit\u00e9 se d\u00e9clareront. Les valeurs maximums annonc\u00e9es sont importantes, avec 30\u00b0C. Les temp\u00e9ratures afficheront entre 20 et 30\u00b0C. Il sera difficile de rester au sec car de la pluie est pr\u00e9vue dans la soir\u00e9e. Les valeurs avoisineront les 18\u00b0C. On passera de dimanche \u00e0 lundi par une nuit claire.<\/p>\n<p>Demain, \u00e0 Lyon, des nuages \u00e9mailleront le ciel, g\u00eanant ainsi l&rsquo;arriv\u00e9e du soleil. Une baisse du mercure est attendue. On anticipe des temp\u00e9ratures avoisinant 19\u00b0C. Un vent de sud-est rafra\u00eechira sensiblement l&rsquo;atmosph\u00e8re. Il fera environ 21\u00b0C, le matin. Il va y avoir des nuages avant que le soleil ne puisse faire son apparition durant l&rsquo;apr\u00e8s-midi. Des averses sont \u00e0 pr\u00e9voir. La ville se retrouvera de temps \u00e0 autre sous la pluie. Les valeurs seront comprises entre 17 et 23\u00b0C. Demain soir, il faudra faire face au brouillard dans la ville. Il va faire 16\u00b0C en moyenne.<\/p>\n<p>Une am\u00e9lioration est pr\u00e9vue les jours suivants. Il va faire un temps relativement pluvieux avec des temp\u00e9ratures d&rsquo;environ 18\u00b0C.<\/p>\n<p><\/p>\n","protected":false},"excerpt":{"rendered":"\u00c0 Lyon, les maximales pourront atteindre 30\u00b0C dans la journ\u00e9e tandis que les minimales seront de 15\u00b0C. Un&hellip;\n","protected":false},"author":2,"featured_media":142728,"comment_status":"","ping_status":"","sticky":false,"template":"","format":"standard","meta":{"footnotes":""},"categories":[1889],"tags":[1111,11,2430,1777,674,1011,27,2428,12,2119,25,2429,2431],"class_list":{"0":"post-142727","1":"post","2":"type-post","3":"status-publish","4":"format-standard","5":"has-post-thumbnail","7":"category-lyon","8":"tag-actu","9":"tag-actualites","10":"tag-auvergne-rhone-alpes","11":"tag-eu","12":"tag-europe","13":"tag-fr","14":"tag-france","15":"tag-lyon","16":"tag-news","17":"tag-previsions-meteo","18":"tag-republique-francaise","19":"tag-rhone","20":"tag-rhone-alpes"},"share_on_mastodon":{"url":"https:\/\/pubeurope.com\/@fr\/114604985725376458","error":""},"_links":{"self":[{"href":"https:\/\/www.europesays.com\/fr\/wp-json\/wp\/v2\/posts\/142727","targetHints":{"allow":["GET"]}}],"collection":[{"href":"https:\/\/www.europesays.com\/fr\/wp-json\/wp\/v2\/posts"}],"about":[{"href":"https:\/\/www.europesays.com\/fr\/wp-json\/wp\/v2\/types\/post"}],"author":[{"embeddable":true,"href":"https:\/\/www.europesays.com\/fr\/wp-json\/wp\/v2\/users\/2"}],"replies":[{"embeddable":true,"href":"https:\/\/www.europesays.com\/fr\/wp-json\/wp\/v2\/comments?post=142727"}],"version-history":[{"count":0,"href":"https:\/\/www.europesays.com\/fr\/wp-json\/wp\/v2\/posts\/142727\/revisions"}],"wp:featuredmedia":[{"embeddable":true,"href":"https:\/\/www.europesays.com\/fr\/wp-json\/wp\/v2\/media\/142728"}],"wp:attachment":[{"href":"https:\/\/www.europesays.com\/fr\/wp-json\/wp\/v2\/media?parent=142727"}],"wp:term":[{"taxonomy":"category","embeddable":true,"href":"https:\/\/www.europesays.com\/fr\/wp-json\/wp\/v2\/categories?post=142727"},{"taxonomy":"post_tag","embeddable":true,"href":"https:\/\/www.europesays.com\/fr\/wp-json\/wp\/v2\/tags?post=142727"}],"curies":[{"name":"wp","href":"https:\/\/api.w.org\/{rel}","templated":true}]}}