{"id":14273,"date":"2025-04-10T05:46:09","date_gmt":"2025-04-10T05:46:09","guid":{"rendered":"https:\/\/www.europesays.com\/fr\/14273\/"},"modified":"2025-04-10T05:46:09","modified_gmt":"2025-04-10T05:46:09","slug":"boycott-des-gafam-leurope-toute-entiere-est-devenue-une-colonie-digitale-americaine-juge-isabelle-saporta","status":"publish","type":"post","link":"https:\/\/www.europesays.com\/fr\/14273\/","title":{"rendered":"Boycott des Gafam : \u00ab\u00a0L&rsquo;Europe toute enti\u00e8re est devenue une colonie digitale am\u00e9ricaine\u00a0\u00bb, juge Isabelle Saporta"},"content":{"rendered":"<p class=\"article-p mdl\">Dans la guerre commerciale d\u00e9clench\u00e9e par Donald Trump et ses annonces sur les droits de douane, certains analystes n\u2019h\u00e9sitent pas \u00e0 brandir <strong>la carte du boycott des Gafam<\/strong>. Il y a sinc\u00e8rement des gens qui nous croient capables de nous passer de Microsoft, Apple, Google, Facebook, ou encore Twitter ? Sans les serveurs Amazon dont d\u00e9pendent la plupart des entreprises europ\u00e9ennes ? <strong>Cela co\u00fbterait in\u00e9vitablement tr\u00e8s cher de trouver des alternatives<\/strong> tant ces g\u00e9ants du num\u00e9rique dominent le march\u00e9.<\/p>\n<p class=\"article-p mdl\">Il faudrait laisser tomber Google ? <strong>Que va-t-on prendre comme moteur de recherche<\/strong> ? Les alternatives europ\u00e9ennes Qwant et Ecosia ? Vous ne les connaissez pas ? Sans leur faire injure, vous n\u2019\u00eates pas les seuls. On devrait aussi \u00eatre contraint de fermer toutes les messageries dont Gmail ? Bon courage \u00e0 ceux qui ne se servent que de \u00e7a. M\u00eame constat pour les r\u00e9seaux sociaux avec\u00a0<a class=\"link\" href=\"https:\/\/www.rtl.fr\/actu\/sciences-tech\/twitter-facebook-instagram-google-les-francais-accros-aux-reseaux-sociaux-7775300243\" target=\"_blank\" rel=\"noopener\">Facebook, Twitter ou encore Instagram<\/a>\u00a0qui sont massivement utilis\u00e9s par les Europ\u00e9ens.<\/p>\n<p class=\"article-p mdl\">Il serait en revanche plus simple de se passer de\u00a0<a class=\"link\" href=\"https:\/\/www.rtl.fr\/actu\/economie-consommation\/netflix-amazon-salto-quelles-sont-les-plateformes-aux-meilleurs-tarifs-7900155951\" target=\"_blank\" rel=\"noopener\">Netflix et d\u2019Amazon Prime<\/a>, surtout avec l&rsquo;arriv\u00e9e des beaux jours. Mais les <strong>hivers risquent d\u2019\u00eatre beaucoup plus longs<\/strong> sans nos s\u00e9ries pr\u00e9f\u00e9r\u00e9es<\/p>\n<p>            L&rsquo;Europe est pieds et poings li\u00e9s face aux Gafam<\/p>\n<p class=\"article-p mdl\">La v\u00e9rit\u00e9, la vraie, c\u2019est que <strong>l\u2019Europe toute enti\u00e8re est devenue une colonie digitale am\u00e9ricaine<\/strong> et que nous sommes incapables de nous passer des\u00a0<a class=\"link\" href=\"https:\/\/www.rtl.fr\/actu\/politique\/edito-intelligence-artificielle-comment-les-gafam-s-appretent-a-tout-miser-sur-le-nucleaire-7900431353\" target=\"_blank\" rel=\"noopener\">Gafam<\/a>. Si on voulait affirmer notre ind\u00e9pendance, il fallait y penser plus t\u00f4t en imposant, inventant et d\u00e9veloppant des alternatives europ\u00e9ennes dans ces domaines plut\u00f4t que de <strong>s\u2019enferrer dans notre propre d\u00e9pendance<\/strong>.\u00a0<\/p>\n<p class=\"article-p mdl\">Inutile de se leurrer, on est pieds et poings li\u00e9s. Alors, \u00e0 tous ceux qui brandissent cette arme nucl\u00e9aire du\u00a0<a class=\"link\" href=\"https:\/\/www.rtl.fr\/actu\/sciences-tech\/coronavirus-les-gafam-grands-gagnants-de-la-crise-sanitaire-7800478810\" target=\"_blank\" rel=\"noopener\">boycott des Gafam<\/a>, on les fera peut-\u00eatre tomber ces Gafam, mais <strong>on explosera avec eux<\/strong>.\u00a0\u00a0<\/p>\n<p>    La r\u00e9daction vous recommande<\/p>\n<p class=\"s-newsletter__title\">\n                L\u2019actualit\u00e9 par la r\u00e9daction de RTL dans votre bo\u00eete mail.\n            <\/p>\n<p class=\"s-newsletter__subtitle\">\n                Gr\u00e2ce \u00e0 votre compte RTL abonnez-vous \u00e0 la newsletter RTL info pour suivre toute l&rsquo;actualit\u00e9 au quotidien\n            <\/p>\n<p>\n                                    Lire la suite\n                                <\/p>\n","protected":false},"excerpt":{"rendered":"Dans la guerre commerciale d\u00e9clench\u00e9e par Donald Trump et ses annonces sur les droits de douane, certains analystes&hellip;\n","protected":false},"author":2,"featured_media":14274,"comment_status":"","ping_status":"","sticky":false,"template":"","format":"standard","meta":{"footnotes":""},"categories":[1586],"tags":[11,4239,733,1777,674,4688,107,1011,27,323,6224,5533,12,362,360,25],"class_list":{"0":"post-14273","1":"post","2":"type-post","3":"status-publish","4":"format-standard","5":"has-post-thumbnail","7":"category-europe","8":"tag-actualites","9":"tag-amazon","10":"tag-apple","11":"tag-eu","12":"tag-europe","13":"tag-facebook","14":"tag-fil-info","15":"tag-fr","16":"tag-france","17":"tag-google","18":"tag-integral","19":"tag-microsoft","20":"tag-news","21":"tag-replay","22":"tag-replay-integral","23":"tag-republique-francaise"},"share_on_mastodon":{"url":"https:\/\/pubeurope.com\/@fr\/114312090988827003","error":""},"_links":{"self":[{"href":"https:\/\/www.europesays.com\/fr\/wp-json\/wp\/v2\/posts\/14273","targetHints":{"allow":["GET"]}}],"collection":[{"href":"https:\/\/www.europesays.com\/fr\/wp-json\/wp\/v2\/posts"}],"about":[{"href":"https:\/\/www.europesays.com\/fr\/wp-json\/wp\/v2\/types\/post"}],"author":[{"embeddable":true,"href":"https:\/\/www.europesays.com\/fr\/wp-json\/wp\/v2\/users\/2"}],"replies":[{"embeddable":true,"href":"https:\/\/www.europesays.com\/fr\/wp-json\/wp\/v2\/comments?post=14273"}],"version-history":[{"count":0,"href":"https:\/\/www.europesays.com\/fr\/wp-json\/wp\/v2\/posts\/14273\/revisions"}],"wp:featuredmedia":[{"embeddable":true,"href":"https:\/\/www.europesays.com\/fr\/wp-json\/wp\/v2\/media\/14274"}],"wp:attachment":[{"href":"https:\/\/www.europesays.com\/fr\/wp-json\/wp\/v2\/media?parent=14273"}],"wp:term":[{"taxonomy":"category","embeddable":true,"href":"https:\/\/www.europesays.com\/fr\/wp-json\/wp\/v2\/categories?post=14273"},{"taxonomy":"post_tag","embeddable":true,"href":"https:\/\/www.europesays.com\/fr\/wp-json\/wp\/v2\/tags?post=14273"}],"curies":[{"name":"wp","href":"https:\/\/api.w.org\/{rel}","templated":true}]}}