{"id":142731,"date":"2025-05-31T23:16:11","date_gmt":"2025-05-31T23:16:11","guid":{"rendered":"https:\/\/www.europesays.com\/fr\/142731\/"},"modified":"2025-05-31T23:16:11","modified_gmt":"2025-05-31T23:16:11","slug":"plusieurs-centaines-de-personnes-dans-les-rues-du-mans","status":"publish","type":"post","link":"https:\/\/www.europesays.com\/fr\/142731\/","title":{"rendered":"plusieurs centaines de personnes dans les rues du Mans"},"content":{"rendered":"<p>            Par<br \/>\n        <strong><br \/>\n            <a href=\"https:\/\/actu.fr\/auteur\/aurelien-burban\" title=\"Consulter tous les articles de Aur\u00e9lien Burban\" rel=\"nofollow noopener\" target=\"_blank\">Aur\u00e9lien Burban<\/a><br \/>\n        <\/strong><\/p>\n<p>        Publi\u00e9 le<\/p>\n<p>            1 juin 2025 \u00e0 0h27        <\/p>\n<p>Klaxons dans les rues, feu d\u2019artifice place de la R\u00e9publique, chants\u2009: la ville du\u00a0<b>Mans <\/b>(<a href=\"https:\/\/actu.fr\/pays-de-la-loire\/sarthe_72\" rel=\"nofollow noopener\" target=\"_blank\">Sarthe<\/a>) est en \u00e9bullition ce samedi 31\u00a0mai 2025.<\/p>\n<p class=\" wall-content\">Et ce n\u2019est pas pour la <a href=\"https:\/\/actu.fr\/pays-de-la-loire\/le-mans_72181\/le-mans-fc-joue-sa-montee-en-ligue-2-suivez-en-direct-cette-soiree-decisive_62647558.html\" rel=\"nofollow noopener\" target=\"_blank\">mont\u00e9e en Ligue\u00a02 du club local<\/a>, mais pour la <a href=\"https:\/\/actu.fr\/ile-de-france\/paris_75056\/irresistible-le-psg-remporte-la-premiere-ligue-des-champions-de-son-histoire-au-terme-d-une-finale-de-reve_62712076.html\" rel=\"nofollow noopener\" target=\"_blank\">victoire du Paris Saint-Germain en finale de la Ligue des champions<\/a>.<\/p>\n<p>Plusieurs centaines de supporters f\u00eatent la victoire du PSG au\u00a0Mans<\/p>\n<p class=\" wall-content\">Beaucoup de supporters du club de la capitale se sont d\u00e9plac\u00e9s dans le centre-ville de la ville pr\u00e9fecture. Plusieurs bars ont diffus\u00e9 la rencontre entre le <a href=\"https:\/\/actu.fr\/tag\/paris-saint-germain-psg\" rel=\"nofollow noopener\" target=\"_blank\">PSG<\/a> et l\u2019Inter Milan.<\/p>\n<p class=\" wall-content\">2-0 \u00e0 la pause, 5-0 score final\u2009: les Parisiens ont \u00e9cras\u00e9 les Nerazzuri. Pour le bonheur, les cris des fans devant les \u00e9crans g\u00e9ants ou de <a href=\"https:\/\/actu.fr\/tag\/television\" rel=\"nofollow noopener\" target=\"_blank\">t\u00e9l\u00e9vision<\/a>.<\/p>\n<p class=\" wall-content\">Puis, d\u00e8s le coup de sifflet final, plusieurs centaines de personnes s\u2019amassent place de la R\u00e9publique. Feux d\u2019artifice et fumig\u00e8ne sont de sortie. Bruits de klaxons de voiture et d\u2019acc\u00e9l\u00e9rations de <a href=\"https:\/\/actu.fr\/tag\/moto\" rel=\"nofollow noopener\" target=\"_blank\">motos<\/a> se succ\u00e8dent.<\/p>\n<p>    <img   decoding=\"async\" loading=\"lazy\" class=\"size-large\" src=\"https:\/\/www.europesays.com\/fr\/wp-content\/uploads\/2025\/05\/46ff6f028b3864aff6f028b382eff6v-960x640.jpg\" alt=\"Des feux d'artifice ont eu lieu sur la place de la R\u00e9publique.\" width=\"960\" height=\"640\"\/><br \/>\n    Des feux d\u2019artifice ont eu lieu sur la place de la R\u00e9publique. \u00a9Aur\u00e9lien Burban\/Actu Le Mans<\/p>\n<p class=\" wall-content\">Les chants fusent avec un slogan\u2009: \u00ab\u2009Malgr\u00e9 les gal\u00e8res, \u00e7a fait longtemps que l\u2019on attend \u00e7a\u2009!\u2009\u00bb<\/p>\n<p class=\" wall-content\">Suivez toute l\u2019actualit\u00e9 de vos villes et m\u00e9dias favoris en vous inscrivant \u00e0 <a href=\"https:\/\/moncompte.actu.fr\" title=\"D\u00e9couvez Mon Actu\" rel=\"nofollow noopener\" data-trk=\"{&quot;cta&quot;:{&quot;action&quot;:&quot;https:\\\/\\\/moncompte.actu.fr&quot;,&quot;category&quot;:&quot;mon compte&quot;,&quot;from&quot;:&quot;article footer&quot;,&quot;name&quot;:&quot;Mon actu&quot;,&quot;type&quot;:&quot;cta&quot;}}\" target=\"_blank\">Mon Actu<\/a>.<\/p>\n<ul class=\"ac-article-tag wall-content\">\n<li><a href=\"https:\/\/actu.fr\/tag\/ligue-des-champions\" data-trk=\"{&quot;cta&quot;:{&quot;action&quot;:&quot;Ligue des Champions&quot;,&quot;category&quot;:&quot;tag&quot;,&quot;from&quot;:&quot;article footer&quot;,&quot;name&quot;:&quot;Ligue des Champions&quot;,&quot;type&quot;:&quot;cta&quot;}}\" rel=\"nofollow noopener\" target=\"_blank\">#Ligue des Champions<\/a><\/li>\n<li><a href=\"https:\/\/actu.fr\/tag\/paris-saint-germain-psg\" data-trk=\"{&quot;cta&quot;:{&quot;action&quot;:&quot;Paris Saint Germain (PSG)&quot;,&quot;category&quot;:&quot;tag&quot;,&quot;from&quot;:&quot;article footer&quot;,&quot;name&quot;:&quot;Paris Saint Germain (PSG)&quot;,&quot;type&quot;:&quot;cta&quot;}}\" rel=\"nofollow noopener\" target=\"_blank\">#Paris Saint Germain (PSG)<\/a><\/li>\n<\/ul>\n","protected":false},"excerpt":{"rendered":"Par Aur\u00e9lien Burban Publi\u00e9 le 1 juin 2025 \u00e0 0h27 Klaxons dans les rues, feu d\u2019artifice place de&hellip;\n","protected":false},"author":2,"featured_media":142732,"comment_status":"","ping_status":"","sticky":false,"template":"","format":"standard","meta":{"footnotes":""},"categories":[1888],"tags":[1111,1928,11,1927,1777,674,1011,27,447,12,1926,626,1925,2332,25,104],"class_list":{"0":"post-142731","1":"post","2":"type-post","3":"status-publish","4":"format-standard","5":"has-post-thumbnail","7":"category-paris","8":"tag-actu","9":"tag-actu-paris","10":"tag-actualites","11":"tag-actualites-paris","12":"tag-eu","13":"tag-europe","14":"tag-fr","15":"tag-france","16":"tag-ligue-des-champions","17":"tag-news","18":"tag-news-paris","19":"tag-paris","20":"tag-paris-news","21":"tag-paris-saint-germain-psg","22":"tag-republique-francaise","23":"tag-societe"},"share_on_mastodon":{"url":"https:\/\/pubeurope.com\/@fr\/114604997569350398","error":""},"_links":{"self":[{"href":"https:\/\/www.europesays.com\/fr\/wp-json\/wp\/v2\/posts\/142731","targetHints":{"allow":["GET"]}}],"collection":[{"href":"https:\/\/www.europesays.com\/fr\/wp-json\/wp\/v2\/posts"}],"about":[{"href":"https:\/\/www.europesays.com\/fr\/wp-json\/wp\/v2\/types\/post"}],"author":[{"embeddable":true,"href":"https:\/\/www.europesays.com\/fr\/wp-json\/wp\/v2\/users\/2"}],"replies":[{"embeddable":true,"href":"https:\/\/www.europesays.com\/fr\/wp-json\/wp\/v2\/comments?post=142731"}],"version-history":[{"count":0,"href":"https:\/\/www.europesays.com\/fr\/wp-json\/wp\/v2\/posts\/142731\/revisions"}],"wp:featuredmedia":[{"embeddable":true,"href":"https:\/\/www.europesays.com\/fr\/wp-json\/wp\/v2\/media\/142732"}],"wp:attachment":[{"href":"https:\/\/www.europesays.com\/fr\/wp-json\/wp\/v2\/media?parent=142731"}],"wp:term":[{"taxonomy":"category","embeddable":true,"href":"https:\/\/www.europesays.com\/fr\/wp-json\/wp\/v2\/categories?post=142731"},{"taxonomy":"post_tag","embeddable":true,"href":"https:\/\/www.europesays.com\/fr\/wp-json\/wp\/v2\/tags?post=142731"}],"curies":[{"name":"wp","href":"https:\/\/api.w.org\/{rel}","templated":true}]}}