{"id":142735,"date":"2025-05-31T23:18:09","date_gmt":"2025-05-31T23:18:09","guid":{"rendered":"https:\/\/www.europesays.com\/fr\/142735\/"},"modified":"2025-05-31T23:18:09","modified_gmt":"2025-05-31T23:18:09","slug":"25-suspects-mis-en-examen-a-paris-dont-6-mineurs-2","status":"publish","type":"post","link":"https:\/\/www.europesays.com\/fr\/142735\/","title":{"rendered":"25 suspects mis en examen \u00e0 Paris, dont 6 mineurs"},"content":{"rendered":"<p class=\"latino-300b text-grey-800\">\n<p>  Par\u00a0<br \/>\nLe Nouvel Obs avec AFP          <\/p>\n<p class=\"latino-300r text-grey-600\">\n      Publi\u00e9 le<\/p>\n<p>    31 mai 2025 \u00e0 17h40<\/p>\n<p>      <img fetchpriority=\"high\" decoding=\"async\" class=\"mx-auto\" src=\"data:image\/svg+xml,%3Csvg%20xmlns%3D%27http%3A%2F%2Fwww.w3.org%2F2000%2Fsvg%27%20fill%3D%22%23e4e4e4%22%20viewBox%3D%270%200%20510%20340%27%20width%3D%22510%22%20height%3D%22340%22%3E%3Cpath%20d%3D%27M0%200h510v340H0z%27%2F%3E%3C%2Fsvg%3E\"  loading=\"eager\" width=\"510\" height=\"340\" data-oncrawl-image-size=\"510x340\" alt=\"Depuis janvier, une s\u00e9rie d\u2019enl\u00e8vements, de tentatives ou de projets de rapts ont eu lieu en France dans le secteur de la cryptomonnaie, incitant les forces de l\u2019ordre \u00e0 redoubler de vigilance.\"\/>      <\/p>\n<p class=\"latino-100m text-grey-600\">\n            Depuis janvier, une s\u00e9rie d\u2019enl\u00e8vements, de tentatives ou de projets de rapts ont eu lieu en France dans le secteur de la cryptomonnaie, incitant les forces de l\u2019ordre \u00e0 redoubler de vigilance.\u00a0JEAN-MARC BARRERE \/ HANS LUCAS VIA AFP        <\/p>\n<p>    Lire\u00a0plus\u00a0tard  <\/p>\n<p><a aria-label=\"Nous suivre sur Google News\" href=\"https:\/\/news.google.com\/publications\/CAAqBwgKMJe4nQkw3dFs?hl=fr&amp;gl=FR&amp;ceid=FR%3Afr\" target=\"_blank\" data-piano=\"Page_Article,Sous_date_publi,Nous_suivre_sur_google_news,1er_clic,action\" class=\"btn btn--small btn--secondary\" rel=\"noopener\"><\/p>\n<p>      Google Actualit\u00e9s<br \/>\n  <\/a><\/p>\n<p>  Partager<\/p>\n<p>        Facebook<\/p>\n<p>        Bluesky<\/p>\n<p>        E-mail<\/p>\n<p>        Copier le lien<\/p>\n<p>      Envoyer<\/p>\n<p>    Temps de lecture\u00a0:\u00a01\u00a0min.<\/p>\n<p class=\"node__paragraphe antonia-750r text-grey-800 pb-24 pb-md-30\">\nVingt-cinq suspects, dont six mineurs, ont \u00e9t\u00e9 mis en examen \u00e0 Paris vendredi 30\u00a0mai, pour des tentatives et projets d\u2019enl\u00e8vements dans le milieu des cryptomonnaies, a indiqu\u00e9 ce samedi le parquet, sollicit\u00e9 par l\u2019AFP.<\/p>\n<p class=\"node__paragraphe antonia-750r text-grey-800 pb-24 pb-md-30\">\n\u00ab\u00a0Dix-huit personnes ont \u00e9t\u00e9 plac\u00e9es en d\u00e9tention provisoire, trois ont sollicit\u00e9 un d\u00e9bat diff\u00e9r\u00e9, quatre ont \u00e9t\u00e9 plac\u00e9es sous contr\u00f4le judiciaire\u00a0\u00bb, a pr\u00e9cis\u00e9 le minist\u00e8re public, ajoutant qu\u2019elles \u00e9taient \u00e2g\u00e9es de 16 \u00e0 23\u00a0ans.<\/p>\n<p class=\"node__paragraphe antonia-750r text-grey-800 pb-24 pb-md-30\">\nL\u2019information judiciaire est ouverte \u00ab\u00a0pour tentative d\u2019enl\u00e8vement en bande organis\u00e9e les 12 et 13\u00a0mai 2025\u00a0\u00bb, et \u00ab\u00a0association de malfaiteurs jusqu\u2019au 26\u00a0mai 2025\u00a0\u00bb, selon le parquet. Elle a \u00e9t\u00e9 ouverte apr\u00e8s la <a href=\"https:\/\/www.nouvelobs.com\/faits-divers\/20250513.OBS103842\/lors-d-une-tentative-d-enlevement-a-paris-la-fille-et-le-petit-fils-du-pdg-d-une-societe-de-cryptomonnaie-vises.html\" target=\"_blank\" rel=\"noopener\">tentative d\u2019enl\u00e8vement de la fille et du petit-fils du PDG de la soci\u00e9t\u00e9 sp\u00e9cialis\u00e9e Paymium<\/a>, le 13\u00a0mai, en pleine rue \u00e0 Paris.<\/p>\n<p class=\"latino-500b text-grey-600 pb-16\">A lire aussi<\/p>\n<p><a href=\"https:\/\/www.nouvelobs.com\/faits-divers\/20250504.OBS103517\/cryptomonnaies-doigt-sectionne-ce-que-l-on-sait-du-kidnapping-contre-rancon-d-un-homme-libere-deux-jours-apres-son-enlevement.html\" data-article-key=\"20250504.OBS103517\" class=\"link--box flex-grow-1\" data-piano=\"Page_Article,Lire_aussi,,Lien1,navigation\" target=\"_blank\" rel=\"noopener\"><\/p>\n<p>                <img decoding=\"async\" src=\"data:image\/svg+xml,%3Csvg%20xmlns%3D%27http%3A%2F%2Fwww.w3.org%2F2000%2Fsvg%27%20fill%3D%22%23e4e4e4%22%20viewBox%3D%270%200%20120%2080%27%20width%3D%22120%22%20height%3D%2280%22%3E%3Cpath%20d%3D%27M0%200h120v80H0z%27%2F%3E%3C%2Fsvg%3E\"  width=\"120\" height=\"80\" loading=\"lazy\" alt=\"Le p\u00e8re d\u2019un homme ayant fait fortune dans les cryptomonnaies, s\u00e9questr\u00e9 pendant deux jours, a \u00e9t\u00e9 lib\u00e9r\u00e9 le 3\u00a0mai au soir.\"\/><\/p>\n<p class=\"latino-300r latino-lg-600m text-grey-800\">\n                    Cryptomonnaies, doigt sectionn\u00e9\u2026 Ce que l\u2019on sait du kidnapping contre ran\u00e7on d\u2019un homme lib\u00e9r\u00e9 deux jours apr\u00e8s son enl\u00e8vement        <\/p>\n<p><\/a><\/p>\n<p>    Lire\u00a0plus\u00a0tard  <\/p>\n<p class=\"node__paragraphe antonia-750r text-grey-800 pb-24 pb-md-30\">\nMais elle s\u2019est \u00e9largie au fil des investigations\u00a0: les enqu\u00eateurs \u00ab\u00a0ont d\u00e9couvert qu\u2019un pr\u00e9c\u00e9dent passage \u00e0 l\u2019acte avait \u00e9t\u00e9 tent\u00e9 la veille, et interrompu en raison de probl\u00e8mes mat\u00e9riels, et qu\u2019une \u00e9quipe se constituait dans le projet de commettre un autre fait similaire\u00a0\u00bb, a pr\u00e9cis\u00e9 samedi le parquet.<\/p>\n<p class=\"node__paragraphe antonia-750r text-grey-800 pb-24 pb-md-30\">\nCe projet, pour lequel deux commandos avec deux camionnettes avaient \u00e9t\u00e9 pr\u00e9vus d\u2019apr\u00e8s des sources proches du dossier, a \u00e9t\u00e9 d\u00e9jou\u00e9 in extremis par les forces de l\u2019ordre pr\u00e8s de Nantes, le 26\u00a0mai.<\/p>\n<p>Des \u00ab\u00a0profils tr\u00e8s jeunes\u00a0\u00bb<\/p>\n<p class=\"node__paragraphe antonia-750r text-grey-800 pb-24 pb-md-30\">\nLes personnes mises en cause \u00ab\u00a0sont pour la plupart n\u00e9es en r\u00e9gion parisienne, l\u2019une \u00e0 Ch\u00e2tellerault, l\u2019une au S\u00e9n\u00e9gal, l\u2019une en Angola, l\u2019une en Russie, entre janvier\u00a02002 et mai\u00a02009\u00a0\u00bb, a d\u00e9taill\u00e9 le parquet.<\/p>\n<p class=\"node__paragraphe antonia-750r text-grey-800 pb-24 pb-md-30\">\nCe dossier se caract\u00e9rise par des \u00ab\u00a0profils tr\u00e8s jeunes, hame\u00e7onn\u00e9s par de l\u2019argent puis pris dans une dynamique qui les d\u00e9passe\u00a0\u00bb, avait observ\u00e9 Me Ambroise Vienet-Legu\u00e9, qui d\u00e9fend un suspect du volet nantais, \u00e2g\u00e9 de 18\u00a0ans et \u00e9crou\u00e9.<\/p>\n<p class=\"node__paragraphe antonia-750r text-grey-800 pb-24 pb-md-30\">\nJulien Fresnault, l\u2019avocat d\u2019un adolescent de 16\u00a0ans accus\u00e9 d\u2019\u00eatre impliqu\u00e9 dans la tentative avort\u00e9e du 12\u00a0mai, a jug\u00e9 \u00ab\u00a0rassurante\u00a0\u00bb la d\u00e9cision de placer sous contr\u00f4le judiciaire son jeune client. Malgr\u00e9 un \u00ab\u00a0dossier \u00e0 fort \u00e9cho m\u00e9diatique\u00a0\u00bb, des magistrats font \u00ab\u00a0la part des choses et tiennent encore compte de la minorit\u00e9 des mis en examen\u00a0\u00bb, a-t-il d\u00e9clar\u00e9.<\/p>\n<p class=\"node__paragraphe antonia-750r text-grey-800 pb-24 pb-md-30\">\nL\u2019information judiciaire se poursuit, pour \u00ab\u00a0explorer les liens existant entre chacun des protagonistes\u00a0\u00bb et \u00ab\u00a0identifier l\u2019ensemble des personnes impliqu\u00e9es\u00a0\u00bb, a soulign\u00e9 le parquet.<\/p>\n<p class=\"node__paragraphe antonia-750r text-grey-800 pb-24 pb-md-30\">\nSelon plusieurs sources proches du dossier, les personnes mises en examen ont des profils d\u2019\u00ab\u00a0ex\u00e9cutants\u00a0\u00bb, souvent tr\u00e8s jeunes, et de \u00ab\u00a0logisticiens\u00a0\u00bb, mais pas de commanditaires.<\/p>\n<p class=\"node__paragraphe antonia-750r text-grey-800 pb-24 pb-md-30\">\nDepuis janvier, une s\u00e9rie d\u2019enl\u00e8vements, de tentatives ou de projets de rapts ont eu lieu en France dans le secteur de la cryptomonnaie, incitant les forces de l\u2019ordre \u00e0 redoubler de vigilance.<\/p>\n<p class=\"latino-600m text-grey-800\">\n<p>  Par\u00a0<br \/>\nLe Nouvel Obs avec AFP    <\/p>\n","protected":false},"excerpt":{"rendered":"Par\u00a0 Le Nouvel Obs avec AFP Publi\u00e9 le 31 mai 2025 \u00e0 17h40 Depuis janvier, une s\u00e9rie d\u2019enl\u00e8vements,&hellip;\n","protected":false},"author":2,"featured_media":142736,"comment_status":"","ping_status":"","sticky":false,"template":"","format":"standard","meta":{"footnotes":""},"categories":[1888],"tags":[17,13204,11,5392,11250,1777,674,5061,118,1011,27,303,27071,18360,12,626,25,16069],"class_list":{"0":"post-142735","1":"post","2":"type-post","3":"status-publish","4":"format-standard","5":"has-post-thumbnail","7":"category-paris","8":"tag-17","9":"tag-13204","10":"tag-actualites","11":"tag-cryptomonnaies","12":"tag-enlevements","13":"tag-eu","14":"tag-europe","15":"tag-examen","16":"tag-faits-divers","17":"tag-fr","18":"tag-france","19":"tag-justice","20":"tag-lies","21":"tag-mis","22":"tag-news","23":"tag-paris","24":"tag-republique-francaise","25":"tag-suspects"},"share_on_mastodon":{"url":"https:\/\/pubeurope.com\/@fr\/114605005440643791","error":""},"_links":{"self":[{"href":"https:\/\/www.europesays.com\/fr\/wp-json\/wp\/v2\/posts\/142735","targetHints":{"allow":["GET"]}}],"collection":[{"href":"https:\/\/www.europesays.com\/fr\/wp-json\/wp\/v2\/posts"}],"about":[{"href":"https:\/\/www.europesays.com\/fr\/wp-json\/wp\/v2\/types\/post"}],"author":[{"embeddable":true,"href":"https:\/\/www.europesays.com\/fr\/wp-json\/wp\/v2\/users\/2"}],"replies":[{"embeddable":true,"href":"https:\/\/www.europesays.com\/fr\/wp-json\/wp\/v2\/comments?post=142735"}],"version-history":[{"count":0,"href":"https:\/\/www.europesays.com\/fr\/wp-json\/wp\/v2\/posts\/142735\/revisions"}],"wp:featuredmedia":[{"embeddable":true,"href":"https:\/\/www.europesays.com\/fr\/wp-json\/wp\/v2\/media\/142736"}],"wp:attachment":[{"href":"https:\/\/www.europesays.com\/fr\/wp-json\/wp\/v2\/media?parent=142735"}],"wp:term":[{"taxonomy":"category","embeddable":true,"href":"https:\/\/www.europesays.com\/fr\/wp-json\/wp\/v2\/categories?post=142735"},{"taxonomy":"post_tag","embeddable":true,"href":"https:\/\/www.europesays.com\/fr\/wp-json\/wp\/v2\/tags?post=142735"}],"curies":[{"name":"wp","href":"https:\/\/api.w.org\/{rel}","templated":true}]}}