{"id":142737,"date":"2025-05-31T23:19:13","date_gmt":"2025-05-31T23:19:13","guid":{"rendered":"https:\/\/www.europesays.com\/fr\/142737\/"},"modified":"2025-05-31T23:19:13","modified_gmt":"2025-05-31T23:19:13","slug":"en-direct-le-psg-remporte-la-ligue-des-champions-un-homme-percute-des-passants-a-grenoble-trois-blesses","status":"publish","type":"post","link":"https:\/\/www.europesays.com\/fr\/142737\/","title":{"rendered":"EN DIRECT &#8211; Le PSG remporte la Ligue des champions : un homme percute des passants \u00e0 Grenoble, trois bless\u00e9s"},"content":{"rendered":"<p>                Nasser Al-Khela\u00effi : Beaucoup de gens n&rsquo;avaient pas confiance en notre projet\u00a0\u00bb<\/p>\n<p><strong>Nasser Al-Khela\u00effi<\/strong> a v\u00e9cu \u00ab\u00a0un r\u00eave\u00a0\u00bb samedi soir avec la victoire de son club contre l&rsquo;Inter en finale de la Ligue des champions, \u00e0 Munich.<\/p>\n<p>\u00ab\u00a0Cette ann\u00e9e a \u00e9t\u00e9 tr\u00e8s sp\u00e9ciale. On a commenc\u00e9 un peu difficilement. Tout le monde a dout\u00e9 de nous. <strong>Beaucoup de gens n&rsquo;avaient pas confiance en notre projet. <\/strong>Aujourd&rsquo;hui on a prouv\u00e9. Honn\u00eatement, je n&rsquo;y crois pas, on gagne 5-0. C&rsquo;est un r\u00eave\u00a0\u00bb, a dit le pr\u00e9sident du Paris SG. <\/p>\n<p>Il a affirm\u00e9 que ce succ\u00e8s \u00e9tait celui de la France. \u00ab\u00a0Aujourd&rsquo;hui on n&rsquo;est pas un club parisien, on est un club fran\u00e7ais. On d\u00e9fend le drapeau de France. On a beaucoup de grands clubs en France, on a une top ligue, tout le monde nous critique. On a de grands joueurs, on l&rsquo;a montr\u00e9 aujourd&rsquo;hui.\u00a0\u00bb<\/p>\n<p>    Partager<\/p>\n","protected":false},"excerpt":{"rendered":"Nasser Al-Khela\u00effi : Beaucoup de gens n&rsquo;avaient pas confiance en notre projet\u00a0\u00bb Nasser Al-Khela\u00effi a v\u00e9cu \u00ab\u00a0un r\u00eave\u00a0\u00bb&hellip;\n","protected":false},"author":2,"featured_media":142738,"comment_status":"","ping_status":"","sticky":false,"template":"","format":"standard","meta":{"footnotes":""},"categories":[1888],"tags":[11,1777,674,107,63,1011,27,4788,447,12,626,91,25],"class_list":{"0":"post-142737","1":"post","2":"type-post","3":"status-publish","4":"format-standard","5":"has-post-thumbnail","7":"category-paris","8":"tag-actualites","9":"tag-eu","10":"tag-europe","11":"tag-fil-info","12":"tag-football","13":"tag-fr","14":"tag-france","15":"tag-inter-milan","16":"tag-ligue-des-champions","17":"tag-news","18":"tag-paris","19":"tag-paris-saint-germain","20":"tag-republique-francaise"},"share_on_mastodon":{"url":"https:\/\/pubeurope.com\/@fr\/114605009342089075","error":""},"_links":{"self":[{"href":"https:\/\/www.europesays.com\/fr\/wp-json\/wp\/v2\/posts\/142737","targetHints":{"allow":["GET"]}}],"collection":[{"href":"https:\/\/www.europesays.com\/fr\/wp-json\/wp\/v2\/posts"}],"about":[{"href":"https:\/\/www.europesays.com\/fr\/wp-json\/wp\/v2\/types\/post"}],"author":[{"embeddable":true,"href":"https:\/\/www.europesays.com\/fr\/wp-json\/wp\/v2\/users\/2"}],"replies":[{"embeddable":true,"href":"https:\/\/www.europesays.com\/fr\/wp-json\/wp\/v2\/comments?post=142737"}],"version-history":[{"count":0,"href":"https:\/\/www.europesays.com\/fr\/wp-json\/wp\/v2\/posts\/142737\/revisions"}],"wp:featuredmedia":[{"embeddable":true,"href":"https:\/\/www.europesays.com\/fr\/wp-json\/wp\/v2\/media\/142738"}],"wp:attachment":[{"href":"https:\/\/www.europesays.com\/fr\/wp-json\/wp\/v2\/media?parent=142737"}],"wp:term":[{"taxonomy":"category","embeddable":true,"href":"https:\/\/www.europesays.com\/fr\/wp-json\/wp\/v2\/categories?post=142737"},{"taxonomy":"post_tag","embeddable":true,"href":"https:\/\/www.europesays.com\/fr\/wp-json\/wp\/v2\/tags?post=142737"}],"curies":[{"name":"wp","href":"https:\/\/api.w.org\/{rel}","templated":true}]}}