{"id":142741,"date":"2025-05-31T23:21:09","date_gmt":"2025-05-31T23:21:09","guid":{"rendered":"https:\/\/www.europesays.com\/fr\/142741\/"},"modified":"2025-05-31T23:21:09","modified_gmt":"2025-05-31T23:21:09","slug":"en-pologne-une-election-presidentielle-marquee-par-la-guerre-en-ukraine-et-ses-refugies","status":"publish","type":"post","link":"https:\/\/www.europesays.com\/fr\/142741\/","title":{"rendered":"En Pologne, une \u00e9lection pr\u00e9sidentielle marqu\u00e9e par la guerre en Ukraine et ses r\u00e9fugi\u00e9s"},"content":{"rendered":"<p>AFP Videos &#8211; France<\/p>\n<p><a class=\"Td(n) C($inherit) LineClamp(2,45px) D(f) rapidnofollow\" data-uuid=\"af07fb4a-f0f7-3318-88c5-598c12c8ed8f\" href=\"https:\/\/fr.news.yahoo.com\/rivaux-%C3%A0-pr%C3%A9sidence-polonaise-au-031547516.html\" data-ylk=\"elm:hdln;itc:0;pos:1;sec:strm;subsec:moreforyou;cpos:1;ct:video;g:af07fb4a-f0f7-3318-88c5-598c12c8ed8f\" data-hosted-type=\"HOSTED\" target=\"_blank\" rel=\"noopener\">Les rivaux \u00e0 la pr\u00e9sidence polonaise au coude-\u00e0-coude avant le vote de dimanche<\/a><\/p>\n<p class=\"M(0) C($summaryColor) Fz(14px) Lh(1.43em) LineClamp(3,60px)\">Le maire pro-europ\u00e9en de Varsovie et un historien nationaliste en lice pour la pr\u00e9sidence de la Pologne entrent dans leur dernier jour de campagne vendredi, les sondages d&rsquo;opinion pr\u00e9disant un r\u00e9sultat extr\u00eamement serr\u00e9 lors du vote de dimanche.La victoire du centriste Rafal Trzaskowski, 53 ans, serait un coup de pouce majeur pour le gouvernement lib\u00e9ral de Donald Tusk, qui est dans une impasse politique face au pr\u00e9sident conservateur sortant, Andrzej Duda.Elle pourrait \u00e9galement permettre l&rsquo;introduction d&rsquo;unions civiles pour les couples de m\u00eame sexe et l&rsquo;assouplissement de l&rsquo;interdiction, aujourd&rsquo;hui quasi totale, de l&rsquo;avortement en Pologne.Une victoire pour Karol Nawrocki, \u00e2g\u00e9 de 42 ans et admirateur du pr\u00e9sident am\u00e9ricain Donald Trump, pourrait saper le soutien in\u00e9branlable de la Pologne \u00e0 l&rsquo;Ukraine contre la Russie.M. Nawrocki s&rsquo;oppose \u00e0 l&rsquo;adh\u00e9sion de l&rsquo;Ukraine \u00e0 l&rsquo;OTAN et d\u00e9nonce les aides accord\u00e9es aux r\u00e9fugi\u00e9s ukrainiens en Pologne.Les analystes pr\u00e9voient qu&rsquo;une victoire de M. Nawrocki pourrait \u00e9galement conduire \u00e0 de nouvelles \u00e9lections l\u00e9gislatives dans ce pays, membre de l&rsquo;UE et de l&rsquo;OTAN, et dont les performances \u00e9conomiques sont parmi les meilleures en Europe.Compte tenu de l&rsquo;\u00e9cart \u00e9troit qui s\u00e9pare les deux candidats dans les sondages, il est possible que le r\u00e9sultat ne soit connu de mani\u00e8re d\u00e9finitive que lundi, au lendemain du scrutin.\u00a0\u00bbJe serais prudente quant \u00e0 ouvrir le champagne dimanche soir,\u00a0\u00bb a d\u00e9clar\u00e9 Anna Materska-Sosnowska, une analyste politique.La derni\u00e8re moyenne des sondages pr\u00e9voit une victoire extr\u00eamement \u00e9troite pour le centriste Trzaskowski, avec 50,6% contre 49,4% pour Nawrocki.Le r\u00e9sultat devrait d\u00e9pendre de la capacit\u00e9 du maire de Varsovie \u00e0 mobiliser suffisamment ses partisans, et du vote des \u00e9lecteurs d&rsquo;extr\u00eame droite, enclins \u00e0 choisir le conservateur Nawrocki.Les candidats d&rsquo;extr\u00eame droite ont obtenu plus de 21% des voix lors du premier tour de l&rsquo;\u00e9lection le 18 mai.M. Trzaskowski est arriv\u00e9 en t\u00eate \u00e0 ce premier tour avec une marge infime de 31% contre 30% pour son adversaire.En Pologne, le pr\u00e9sident a un r\u00f4le principalement honorifique, mais est dot\u00e9 d&rsquo;un pouvoir de veto crucial.Celui du pr\u00e9sident conservateur sortant\u00a0Andrzej Duda a emp\u00each\u00e9 le Premier ministre Donald Tusk de tenir nombre de ses promesses \u00e9lectorales dont des r\u00e9formes judiciaires, la liberalisation de la loi sur l&rsquo;avortement et l&rsquo;introduction des unions civiles.- Deux Pologne -Mme Materska-Sosnowska qualifie l&rsquo;\u00e9lection de \u00ab\u00a0v\u00e9ritable choc des civilisations\u00a0\u00bb, soulignant les grandes diff\u00e9rences politiques entre les candidats.A Kleszczow, un village du centre de la Pologne o\u00f9 les candidats d&rsquo;extr\u00eame droite ont obtenu environ un tiers des voix au premier tour, la plupart des \u00e9lecteurs interrog\u00e9s par l&rsquo;AFP ont d\u00e9clar\u00e9 qu&rsquo;ils voteraient pour M. Nawrocki dimanche.\u00a0\u00bbSi Trzaskowski gagne, ils (le gouvernement pro-europ\u00e9en, ndlr) vont vendre la Pologne, la d\u00e9truire\u00a0\u00bb, a d\u00e9clar\u00e9 \u00e0 l&rsquo;AFP Kamil Skulimowski, 40 ans, un employ\u00e9 de la mine de lignite.Il accuse \u00e9galement le gouvernement de Donald Tusk, ainsi que M. Trzaskowski, de vouloir faire entrer en Pologne des immigr\u00e9s et de promouvoir les mouvements LGBTQ+.\u00a0\u00bbAu second tour, je ne voterai s\u00fbrement pas Trzaskowski\u00a0\u00bb, a d\u00e9clar\u00e9 \u00e0 l&rsquo;AFP Anna Bednarska, employ\u00e9e de 27 ans d&rsquo;un magasin de fruits et l\u00e9gumes. Elle aussi a vot\u00e9 pour l&rsquo;extr\u00eame droite, attir\u00e9e par ses promesses de baisses d&rsquo;imp\u00f4ts.Au second tour, elle soutiendra M. Nawrocki car son adversaire veut selon elle \u00ab\u00a0introduire des immigr\u00e9s en Pologne\u00a0\u00bb.\u00a0\u00bbIl vaut mieux que la Pologne reste la Pologne\u00a0\u00bb, a-t-elle dit.La campagne \u00e9lectorale a \u00e9t\u00e9 marqu\u00e9e par des r\u00e9v\u00e9lations sur le pass\u00e9 de M. Nawrocki.Des m\u00e9dias ont r\u00e9v\u00e9l\u00e9 qu&rsquo;il avait acquis un appartement aupr\u00e8s d&rsquo;un homme \u00e2g\u00e9 \u00e0 l&rsquo;issue d&rsquo;une transaction jug\u00e9e opaque par des observateurs et ses opposants politiques.Un site internet d&rsquo;informations Onet.pl a publi\u00e9 aussi une enqu\u00eate affirmant que M. Nawrocki \u00e9tait impliqu\u00e9 dans l&rsquo;introduction de prostitu\u00e9es dans un h\u00f4tel \u00e0 Sopot (nord) \u00e0 l&rsquo;\u00e9poque o\u00f9 il y travaillait comme garde, il y a une vingtaine d&rsquo;ann\u00e9es.M. Nawrocki a ni\u00e9 ces all\u00e9gations, qualifiant l&rsquo;enqu\u00eate de \u00ab\u00a0tas de mensonges\u00a0\u00bb.Pour mobiliser leurs \u00e9lecteurs, les deux candidats ont organis\u00e9 \u00e0 Varsovie la semaine derni\u00e8re des rassemblements qui ont r\u00e9uni des dizaines de milliers de participants chacun.bur-bo\/lpt\/rr<\/p>\n","protected":false},"excerpt":{"rendered":"AFP Videos &#8211; France Les rivaux \u00e0 la pr\u00e9sidence polonaise au coude-\u00e0-coude avant le vote de dimanche Le&hellip;\n","protected":false},"author":2,"featured_media":142742,"comment_status":"","ping_status":"","sticky":false,"template":"","format":"standard","meta":{"footnotes":""},"categories":[1590],"tags":[11,1777,674,12,2495,27072,220,27073],"class_list":{"0":"post-142741","1":"post","2":"type-post","3":"status-publish","4":"format-standard","5":"has-post-thumbnail","7":"category-ukraine","8":"tag-actualites","9":"tag-eu","10":"tag-europe","11":"tag-news","12":"tag-refugies","13":"tag-refugies-ukrainiens","14":"tag-ukraine","15":"tag-varsovie"},"share_on_mastodon":{"url":"https:\/\/pubeurope.com\/@fr\/114605017225924110","error":""},"_links":{"self":[{"href":"https:\/\/www.europesays.com\/fr\/wp-json\/wp\/v2\/posts\/142741","targetHints":{"allow":["GET"]}}],"collection":[{"href":"https:\/\/www.europesays.com\/fr\/wp-json\/wp\/v2\/posts"}],"about":[{"href":"https:\/\/www.europesays.com\/fr\/wp-json\/wp\/v2\/types\/post"}],"author":[{"embeddable":true,"href":"https:\/\/www.europesays.com\/fr\/wp-json\/wp\/v2\/users\/2"}],"replies":[{"embeddable":true,"href":"https:\/\/www.europesays.com\/fr\/wp-json\/wp\/v2\/comments?post=142741"}],"version-history":[{"count":0,"href":"https:\/\/www.europesays.com\/fr\/wp-json\/wp\/v2\/posts\/142741\/revisions"}],"wp:featuredmedia":[{"embeddable":true,"href":"https:\/\/www.europesays.com\/fr\/wp-json\/wp\/v2\/media\/142742"}],"wp:attachment":[{"href":"https:\/\/www.europesays.com\/fr\/wp-json\/wp\/v2\/media?parent=142741"}],"wp:term":[{"taxonomy":"category","embeddable":true,"href":"https:\/\/www.europesays.com\/fr\/wp-json\/wp\/v2\/categories?post=142741"},{"taxonomy":"post_tag","embeddable":true,"href":"https:\/\/www.europesays.com\/fr\/wp-json\/wp\/v2\/tags?post=142741"}],"curies":[{"name":"wp","href":"https:\/\/api.w.org\/{rel}","templated":true}]}}