{"id":142743,"date":"2025-05-31T23:22:09","date_gmt":"2025-05-31T23:22:09","guid":{"rendered":"https:\/\/www.europesays.com\/fr\/142743\/"},"modified":"2025-05-31T23:22:09","modified_gmt":"2025-05-31T23:22:09","slug":"donald-trump-prevoit-des-coupes-budgetaires-massives-de-163-milliards-de-dollars","status":"publish","type":"post","link":"https:\/\/www.europesays.com\/fr\/142743\/","title":{"rendered":"Donald Trump pr\u00e9voit des coupes budg\u00e9taires massives de 163 milliards de dollars"},"content":{"rendered":"<p>Le gouvernement am\u00e9ricain a donn\u00e9 la couleur des coupes massives qu&rsquo;il pr\u00e9voit : 163 milliards de dollars dans le prochain budget f\u00e9d\u00e9ral. Ce n\u2019est encore qu\u2019une \u00e9bauche, car le Congr\u00e8s reste ma\u00eetre du vote des lois de finances. Mais le document de 1 200 pages transmis par la Maison Blanche donne le ton : le pr\u00e9sident Donald Trump veut imposer une r\u00e9duction historique des d\u00e9penses publiques aux \u00c9tats-Unis.<\/p>\n<p>Publi\u00e9 vendredi 30 mai en soir\u00e9e, <strong><a href=\"https:\/\/www.whitehouse.gov\/wp-content\/uploads\/2025\/05\/appendix_fy2026.pdf\" rel=\"nofollow noopener\" target=\"_blank\" data-ylk=\"slk:le document de la Maison Blanche;elm:context_link;itc:0;sec:content-canvas\" class=\"link \">le document de la Maison Blanche<\/a><\/strong> est bien plus \u00e9toff\u00e9 que <strong><a href=\"https:\/\/www.rfi.fr\/fr\/am\u00e9riques\/20250502-\u00e9tats-unis-trump-d\u00e9voile-un-projet-de-budget-d-aust\u00e9rit\u00e9-ultra-conservateur-et-s\u00e9curitaire-pour-2026\" rel=\"nofollow noopener\" target=\"_blank\" data-ylk=\"slk:la premi\u00e8re mouture transmise d\u00e9but mai;elm:context_link;itc:0;sec:content-canvas\" class=\"link \">la premi\u00e8re mouture transmise d\u00e9but mai<\/a> <\/strong>et d\u00e9voile l\u2019ampleur des coupes budg\u00e9taires envisag\u00e9es. \u00c9ducation, sant\u00e9, logement, emploi, agriculture ou encore protection de l\u2019environnement : peu de secteurs \u00e9chappent \u00e0 cette vague d\u2019aust\u00e9rit\u00e9.<\/p>\n<p>\u00c0 travers cette proposition, le pr\u00e9sident entend engager une refonte en profondeur de l\u2019appareil f\u00e9d\u00e9ral, en r\u00e9duisant drastiquement la taille de l\u2019\u00c9tat et son intervention dans la vie quotidienne des citoyens, y compris dans les dispositifs d\u2019aide aux plus vuln\u00e9rables.<\/p>\n<p>Un budget d\u2019aust\u00e9rit\u00e9 g\u00e9n\u00e9ralis\u00e9e<\/p>\n<p>Presque toutes les agences f\u00e9d\u00e9rales sont touch\u00e9es. L\u2019aide au d\u00e9veloppement, la recherche m\u00e9dicale, les programmes sociaux, l\u2019administration fiscale, les subventions agricoles, les politiques environnementales\u2026 tout y passe. Le secteur agricole perdrait \u00e0 lui seul 5 milliards de dollars. Certaines mesures de lutte contre la pollution ou de limitation des substances toxiques seraient abandonn\u00e9es.<\/p>\n<p><a href=\"https:\/\/www.rfi.fr\/fr\/am%C3%A9riques\/20250531-%C3%A9tats-unis-donald-trump-pr%C3%A9voit-des-coupes-budg%C3%A9taires-massives-de-163-milliards-de-dollars\" rel=\"nofollow noopener\" target=\"_blank\" data-ylk=\"slk:Lire la suite sur RFI;elm:context_link;itc:0;sec:content-canvas\" class=\"link \">Lire la suite sur RFI<\/a><\/p>\n","protected":false},"excerpt":{"rendered":"Le gouvernement am\u00e9ricain a donn\u00e9 la couleur des coupes massives qu&rsquo;il pr\u00e9voit : 163 milliards de dollars dans&hellip;\n","protected":false},"author":2,"featured_media":142744,"comment_status":"","ping_status":"","sticky":false,"template":"","format":"standard","meta":{"footnotes":""},"categories":[1589],"tags":[11,22407,27075,75,73,1866,27074,1324,12,5735,1864,1865,1863,308],"class_list":{"0":"post-142743","1":"post","2":"type-post","3":"status-publish","4":"format-standard","5":"has-post-thumbnail","7":"category-etats-unis","8":"tag-actualites","9":"tag-coupes","10":"tag-dollars","11":"tag-donald-trump","12":"tag-etats-unis","13":"tag-etats-unis-damerique","14":"tag-gouvernement-americain","15":"tag-la-maison-blanche","16":"tag-news","17":"tag-protection-de-lenvironnement","18":"tag-united-states","19":"tag-united-states-of-america","20":"tag-us","21":"tag-usa"},"share_on_mastodon":{"url":"https:\/\/pubeurope.com\/@fr\/114605021188206786","error":""},"_links":{"self":[{"href":"https:\/\/www.europesays.com\/fr\/wp-json\/wp\/v2\/posts\/142743","targetHints":{"allow":["GET"]}}],"collection":[{"href":"https:\/\/www.europesays.com\/fr\/wp-json\/wp\/v2\/posts"}],"about":[{"href":"https:\/\/www.europesays.com\/fr\/wp-json\/wp\/v2\/types\/post"}],"author":[{"embeddable":true,"href":"https:\/\/www.europesays.com\/fr\/wp-json\/wp\/v2\/users\/2"}],"replies":[{"embeddable":true,"href":"https:\/\/www.europesays.com\/fr\/wp-json\/wp\/v2\/comments?post=142743"}],"version-history":[{"count":0,"href":"https:\/\/www.europesays.com\/fr\/wp-json\/wp\/v2\/posts\/142743\/revisions"}],"wp:featuredmedia":[{"embeddable":true,"href":"https:\/\/www.europesays.com\/fr\/wp-json\/wp\/v2\/media\/142744"}],"wp:attachment":[{"href":"https:\/\/www.europesays.com\/fr\/wp-json\/wp\/v2\/media?parent=142743"}],"wp:term":[{"taxonomy":"category","embeddable":true,"href":"https:\/\/www.europesays.com\/fr\/wp-json\/wp\/v2\/categories?post=142743"},{"taxonomy":"post_tag","embeddable":true,"href":"https:\/\/www.europesays.com\/fr\/wp-json\/wp\/v2\/tags?post=142743"}],"curies":[{"name":"wp","href":"https:\/\/api.w.org\/{rel}","templated":true}]}}