{"id":142766,"date":"2025-05-31T23:36:27","date_gmt":"2025-05-31T23:36:27","guid":{"rendered":"https:\/\/www.europesays.com\/fr\/142766\/"},"modified":"2025-05-31T23:36:27","modified_gmt":"2025-05-31T23:36:27","slug":"hamilton-tacle-les-tests-dailerons-renforces-quel-gaspillage-dargent","status":"publish","type":"post","link":"https:\/\/www.europesays.com\/fr\/142766\/","title":{"rendered":"Hamilton tacle les tests d&rsquo;ailerons renforc\u00e9s\u00a0: \u00ab\u00a0Quel gaspillage d&rsquo;argent\u00a0!\u00a0\u00bb"},"content":{"rendered":"<p>Le Grand Prix d&rsquo;Espagne 2025 de F1 marque <a href=\"https:\/\/fr.motorsport.com\/f1\/news\/flexibilite-ailerons-tout-comprendre-barcelone\/10727324\/\" target=\"_self\" rel=\"noopener\">l&rsquo;entr\u00e9e en vigueur de tests de d\u00e9formation plus s\u00e9v\u00e8res pour les ailerons avant<\/a> des monoplaces, apr\u00e8s l&rsquo;introduction en d\u00e9but d&rsquo;ann\u00e9e de tests renforc\u00e9s pour l&rsquo;aileron arri\u00e8re. D&rsquo;aucuns s&rsquo;attendaient \u00e9ventuellement \u00e0 une remise en cause de la hi\u00e9rarchie en lien avec l&rsquo;obligation pour les \u00e9curies de rendre leurs pi\u00e8ces moins flexibles\u00a0; toutefois, jusqu&rsquo;ici, la diff\u00e9rence n&rsquo;est pas claire.<\/p>\n<p><a href=\"https:\/\/fr.motorsport.com\/team\/mclaren\/609\/\" target=\"_blank\" rel=\"noopener\">McLaren<\/a>, pourtant vue comme la principale \u00e9curie pouvant \u00eatre touch\u00e9e par ces contr\u00f4les plus stricts, a m\u00eame plut\u00f4t nettement domin\u00e9 le week-end, <a href=\"https:\/\/fr.motorsport.com\/driver\/oscar-piastri\/835356\/\" target=\"_blank\" rel=\"noopener\">Oscar Piastri<\/a> s&rsquo;offrant \u00e0 Barcelone la pole la plus ais\u00e9e de la saison avec deux dixi\u00e8mes d&rsquo;avance sur son \u00e9quipier <a href=\"https:\/\/fr.motorsport.com\/driver\/lando-norris\/289708\/\" target=\"_blank\" rel=\"noopener\">Lando Norris<\/a> et trois dixi\u00e8mes d&rsquo;avance sur les premiers pilotes non McLaren.<\/p>\n<p>Lui-m\u00eame qualifi\u00e9 cinqui\u00e8me, \u00e0 une demi-seconde de la MCL39 du leader du championnat, <a href=\"https:\/\/fr.motorsport.com\/driver\/lewis-hamilton\/76878\/\" target=\"_blank\" rel=\"noopener\">Lewis Hamilton<\/a> n&rsquo;a pas m\u00e2ch\u00e9 ses mots sur les mesures mises en place en Catalogne. Pour lui, c&rsquo;est bien simple\u00a0: il s&rsquo;agit tout bonnement d&rsquo;un gaspillage d&rsquo;argent tant la diff\u00e9rence est faible entre avant et apr\u00e8s ces changements alors que les \u00e9curies ont d\u00fb d\u00e9penser de l&rsquo;argent pour s&rsquo;y adapter.<\/p>\n<blockquote>\n<p>Quel gaspillage d&rsquo;argent ! Tout le monde a gaspill\u00e9 de l&rsquo;argent. Cela n&rsquo;a litt\u00e9ralement rien chang\u00e9.<\/p>\n<\/blockquote>\n<p>Interrog\u00e9 apr\u00e8s les qualifications sur son ressenti \u00e0 ce sujet, il a r\u00e9pondu\u00a0: \u00ab\u00a0L&rsquo;\u00e9quilibre n&rsquo;est d\u00e9finitivement pas aussi bon qu&rsquo;avant. Mais cela n&rsquo;a rien&#8230; Quel gaspillage d&rsquo;argent\u00a0! Tout le monde a gaspill\u00e9 de l&rsquo;argent. Cela n&rsquo;a litt\u00e9ralement rien chang\u00e9. Les ailerons de tout le monde se plient toujours. Ils se plient juste moins. Et tout le monde a d\u00fb fabriquer de nouveaux ailerons et d\u00e9penser plus d&rsquo;argent pour les fabriquer. Cela n&rsquo;a aucun sens. Mais c&rsquo;est comme \u00e7a, et nous allons de l&rsquo;avant.\u00a0\u00bb<\/p>\n<p>Le septuple champion du monde a ensuite pr\u00e9cis\u00e9 qu&rsquo;il ne s&rsquo;attendait pas \u00e0 un changement majeur, notamment apr\u00e8s avoir eu un avant-go\u00fbt de ce que cela donnerait en simulateur\u00a0: \u00ab\u00a0Non, je ne m&rsquo;y attendais pas&#8230; J&rsquo;ai roul\u00e9 en simulateur et c&rsquo;est pratiquement la m\u00eame chose. Un peu plus de survirage \u00e0 grande vitesse.\u00a0\u00bb<\/p>\n<p>Leclerc sur la m\u00eame ligne que Hamilton<br \/>\n   <img decoding=\"async\" draggable=\"false\" src=\"https:\/\/www.europesays.com\/fr\/wp-content\/uploads\/2025\/05\/1748734587_128_charles-leclerc-ferrari.jpg\" alt=\"Charles Leclerc, Ferrari\" width=\"1200\" height=\"800\" loading=\"lazy\"\/> <\/p>\n<p class=\"title\">Charles Leclerc, Ferrari<\/p>\n<p class=\"photographer\">Photo de: Sam Bloxham \/ Motorsport Images via Getty Images<\/p>\n<p><a href=\"https:\/\/fr.motorsport.com\/driver\/charles-leclerc\/109632\/\" target=\"_blank\" rel=\"noopener\">Charles Leclerc<\/a>, son \u00e9quipier chez <a href=\"https:\/\/fr.motorsport.com\/team\/ferrari\/615\/\" target=\"_blank\" rel=\"noopener\">Ferrari<\/a>, septi\u00e8me de la s\u00e9ance, est sur la m\u00eame longueur d&rsquo;ondes, estimant par ailleurs que ce qui a \u00e9t\u00e9 perdu en mati\u00e8re d&rsquo;\u00e9quilibre avec l&rsquo;aileron a pu \u00eatre retrouv\u00e9 par d&rsquo;autres moyens. \u00ab\u00a0Oui [c&rsquo;est perceptible], surtout \u00e0 grande vitesse. C&rsquo;est un peu plus difficile \u00e0 piloter, mais ce n&rsquo;est pas quelque chose que je d\u00e9teste.\u00a0\u00bb<\/p>\n<p>\u00ab\u00a0[Ca ne fait] pas vraiment [une grande diff\u00e9rence], car on peut parvenir [au m\u00eame r\u00e9sultat] de diff\u00e9rentes mani\u00e8res. M\u00e9caniquement, tout le monde a quelque chose pour y arriver d&rsquo;une mani\u00e8re ou d&rsquo;une autre. Je pense donc que nous avons tous suivi cette direction, alors qu&rsquo;avant, c&rsquo;\u00e9tait surtout l&rsquo;aileron avant qui faisait le travail. De notre c\u00f4t\u00e9, cela n&rsquo;a pas beaucoup chang\u00e9.\u00a0\u00bb<\/p>\n<p style=\"text-align: right;\">Avec Cihangir Perperik, Oleg Karpov et Jake Boxall-Legge<\/p>\n<p>Lire aussi :<\/p>\n<p>Dans cet article<\/p>\n<p>    Fabien Gaillard\n<\/p>\n<p>    Formule 1\n<\/p>\n<p>    Lewis Hamilton\n<\/p>\n<p>    Charles Leclerc\n<\/p>\n<p>    Ferrari\n<\/p>\n<p>Soyez le premier inform\u00e9 et souscrivez aux alertes mails pour recevoir les infos en temps r\u00e9el<\/p>\n<p>    S&rsquo;abonner aux alertes de news<\/p>\n","protected":false},"excerpt":{"rendered":"Le Grand Prix d&rsquo;Espagne 2025 de F1 marque l&rsquo;entr\u00e9e en vigueur de tests de d\u00e9formation plus s\u00e9v\u00e8res pour&hellip;\n","protected":false},"author":2,"featured_media":142767,"comment_status":"","ping_status":"","sticky":false,"template":"","format":"standard","meta":{"footnotes":""},"categories":[1412],"tags":[2240,25466,1451,2251,1452,1453,1454,1455,1011,27,12529,1975,60],"class_list":{"0":"post-142766","1":"post","2":"type-post","3":"status-publish","4":"format-standard","5":"has-post-thumbnail","7":"category-f1","8":"tag-charles-leclerc","9":"tag-circuit-de-barcelona-catalunya","10":"tag-f1","11":"tag-ferrari","12":"tag-formula-1","13":"tag-formula1","14":"tag-formule-1","15":"tag-formule1","16":"tag-fr","17":"tag-france","18":"tag-gp-despagne","19":"tag-lewis-hamilton","20":"tag-sports"},"share_on_mastodon":{"url":"https:\/\/pubeurope.com\/@fr\/114605076246242620","error":""},"_links":{"self":[{"href":"https:\/\/www.europesays.com\/fr\/wp-json\/wp\/v2\/posts\/142766","targetHints":{"allow":["GET"]}}],"collection":[{"href":"https:\/\/www.europesays.com\/fr\/wp-json\/wp\/v2\/posts"}],"about":[{"href":"https:\/\/www.europesays.com\/fr\/wp-json\/wp\/v2\/types\/post"}],"author":[{"embeddable":true,"href":"https:\/\/www.europesays.com\/fr\/wp-json\/wp\/v2\/users\/2"}],"replies":[{"embeddable":true,"href":"https:\/\/www.europesays.com\/fr\/wp-json\/wp\/v2\/comments?post=142766"}],"version-history":[{"count":0,"href":"https:\/\/www.europesays.com\/fr\/wp-json\/wp\/v2\/posts\/142766\/revisions"}],"wp:featuredmedia":[{"embeddable":true,"href":"https:\/\/www.europesays.com\/fr\/wp-json\/wp\/v2\/media\/142767"}],"wp:attachment":[{"href":"https:\/\/www.europesays.com\/fr\/wp-json\/wp\/v2\/media?parent=142766"}],"wp:term":[{"taxonomy":"category","embeddable":true,"href":"https:\/\/www.europesays.com\/fr\/wp-json\/wp\/v2\/categories?post=142766"},{"taxonomy":"post_tag","embeddable":true,"href":"https:\/\/www.europesays.com\/fr\/wp-json\/wp\/v2\/tags?post=142766"}],"curies":[{"name":"wp","href":"https:\/\/api.w.org\/{rel}","templated":true}]}}