{"id":14277,"date":"2025-04-10T05:50:17","date_gmt":"2025-04-10T05:50:17","guid":{"rendered":"https:\/\/www.europesays.com\/fr\/14277\/"},"modified":"2025-04-10T05:50:17","modified_gmt":"2025-04-10T05:50:17","slug":"patrimoine-deux-villages-du-vaucluse-parmi-les-plus-beaux-de-france-selon-le-times","status":"publish","type":"post","link":"https:\/\/www.europesays.com\/fr\/14277\/","title":{"rendered":"Patrimoine. Deux villages du Vaucluse parmi les plus beaux de France selon le \u00ab\u00a0Times\u00a0\u00bb"},"content":{"rendered":"<p>La France est truff\u00e9e de villages plus pittoresques les uns que les autres, et qui attirent nos voisins britanniques.<\/p>\n<p>R\u00e9cemment, le quotidien \u00ab\u00a0The Times\u00a0\u00bb a d\u00e9voil\u00e9 <a href=\"https:\/\/www.thetimes.com\/travel\/destinations\/europe-travel\/france\/25-most-beautiful-villages-france-s53wp58v3\" target=\"_blank\" rel=\"noopener\">son classement exclusif <\/a>des 25 plus beaux villages de France, des lieux d\u2019escapades, encore assez pr\u00e9serv\u00e9s du tumulte touristique.<\/p>\n<p><strong>Ansouis, village perch\u00e9, dans le top 10 du classement<\/strong><\/p>\n<p>Le \u00ab\u00a0Times\u00a0\u00bb, qui s\u2019est appuy\u00e9 sur la s\u00e9lection officielle des plus beaux villages de France, place Ansouis (Vaucluse) dans le top 10, sur la sixi\u00e8me marche. Nich\u00e9 au sud\u00a0<a href=\"https:\/\/www.ledauphine.com\/economie\/2024\/08\/20\/star-des-reseaux-terre-de-tournages-patrimoine-savez-vous-tout-sur-le-luberon\" target=\"_blank\" rel=\"noopener\">du Luberon<\/a>, la Durance \u00e0 l\u2019horizon, ce village de Provence perch\u00e9, avec ses 1 066 habitants, a conquis le c\u0153ur des Anglais.<\/p>\n<p>Situ\u00e9 entre Pertuis et Lourmarin, il s\u00e9duit par son ancienne forteresse transform\u00e9e en ch\u00e2teau de plaisance au XVIIe si\u00e8cle et son d\u00e9dale de ruelles typiques et de fa\u00e7ades anciennes.<\/p>\n<p>Un palmar\u00e8s qui ne surprendra pas ses habitants, Ansouis \u00e9tant <a href=\"https:\/\/www.ledauphine.com\/culture-loisirs\/2024\/09\/21\/le-vaucluse-vu-du-ciel-ansouis-commune-du-luberon-classee-plus-beau-village-de-france\" target=\"_blank\" rel=\"noopener\">class\u00e9 parmi \u00ab les plus beaux villages de France \u00bb<\/a> depuis 1982\u00a0!<\/p>\n<p>Pour le d\u00e9couvrir, le magazine britannique conseille m\u00eame de r\u00e9server l&rsquo;une des cinq chambres d\u2019h\u00f4tes de La Bastide Saint Maurin, install\u00e9e dans une ferme traditionnelle.<\/p>\n<p><strong>Venasque, salu\u00e9 pour sa cit\u00e9 m\u00e9di\u00e9vale<\/strong><\/p>\n<p>Le \u00ab\u00a0Times\u00a0\u00bb met une seconde fois le d\u00e9partement du Vaucluse \u00e0 l\u2019honneur en positionnant le village de Venasque \u00e0 la 16\u00e8me place de son classement. Lui aussi est class\u00e9 parmi \u00ab\u00a0les plus Beaux villages de France \u00bb depuis 1992.<\/p>\n<p>Perch\u00e9e sur son rocher escarp\u00e9, au pied du Mont Ventoux, au nord-est d&rsquo;Avignon, l\u2019ancienne cit\u00e9 m\u00e9di\u00e9vale domine les Gorges de la Nesque et la plaine Comtadine. Connu pour son v\u00e9ritable diamant rouge de Provence, le village est un important producteur de cerises appel\u00e9es mont de Venasque.<\/p>\n<p>Le journal britannique met \u00e9galement \u00e0 l\u2019honneur l\u2019h\u00f4tel restaurant \u00ab\u00a0Les Remparts\u00a0\u00bb, pour sa carte r\u00e9put\u00e9e et ses huit chambres disponibles.<\/p>\n","protected":false},"excerpt":{"rendered":"La France est truff\u00e9e de villages plus pittoresques les uns que les autres, et qui attirent nos voisins&hellip;\n","protected":false},"author":2,"featured_media":14278,"comment_status":"","ping_status":"","sticky":false,"template":"","format":"standard","meta":{"footnotes":""},"categories":[4],"tags":[11,6226,1687,3859,107,1011,27,6225,12,2661,25,273,602,4520,6227],"class_list":{"0":"post-14277","1":"post","2":"type-post","3":"status-publish","4":"format-standard","5":"has-post-thumbnail","7":"category-france","8":"tag-actualites","9":"tag-ansouis","10":"tag-culture-loisirs","11":"tag-edition-provencale","12":"tag-fil-info","13":"tag-fr","14":"tag-france","15":"tag-la-matinale","16":"tag-news","17":"tag-patrimoine-culturel","18":"tag-republique-francaise","19":"tag-selection-de-la-redaction","20":"tag-tourisme","21":"tag-vaucluse","22":"tag-venasque"},"share_on_mastodon":{"url":"https:\/\/pubeurope.com\/@fr\/114312106645063842","error":""},"_links":{"self":[{"href":"https:\/\/www.europesays.com\/fr\/wp-json\/wp\/v2\/posts\/14277","targetHints":{"allow":["GET"]}}],"collection":[{"href":"https:\/\/www.europesays.com\/fr\/wp-json\/wp\/v2\/posts"}],"about":[{"href":"https:\/\/www.europesays.com\/fr\/wp-json\/wp\/v2\/types\/post"}],"author":[{"embeddable":true,"href":"https:\/\/www.europesays.com\/fr\/wp-json\/wp\/v2\/users\/2"}],"replies":[{"embeddable":true,"href":"https:\/\/www.europesays.com\/fr\/wp-json\/wp\/v2\/comments?post=14277"}],"version-history":[{"count":0,"href":"https:\/\/www.europesays.com\/fr\/wp-json\/wp\/v2\/posts\/14277\/revisions"}],"wp:featuredmedia":[{"embeddable":true,"href":"https:\/\/www.europesays.com\/fr\/wp-json\/wp\/v2\/media\/14278"}],"wp:attachment":[{"href":"https:\/\/www.europesays.com\/fr\/wp-json\/wp\/v2\/media?parent=14277"}],"wp:term":[{"taxonomy":"category","embeddable":true,"href":"https:\/\/www.europesays.com\/fr\/wp-json\/wp\/v2\/categories?post=14277"},{"taxonomy":"post_tag","embeddable":true,"href":"https:\/\/www.europesays.com\/fr\/wp-json\/wp\/v2\/tags?post=14277"}],"curies":[{"name":"wp","href":"https:\/\/api.w.org\/{rel}","templated":true}]}}