{"id":142784,"date":"2025-05-31T23:45:10","date_gmt":"2025-05-31T23:45:10","guid":{"rendered":"https:\/\/www.europesays.com\/fr\/142784\/"},"modified":"2025-05-31T23:45:10","modified_gmt":"2025-05-31T23:45:10","slug":"cette-boisson-est-finalement-reconnue-par-loms-comme-dangereuse","status":"publish","type":"post","link":"https:\/\/www.europesays.com\/fr\/142784\/","title":{"rendered":"cette boisson est finalement reconnue par l\u2019OMS comme dangereuse"},"content":{"rendered":"<p>Dans l\u2019Hexagone, pr\u00e8s de 16 000 personnes ont \u00e9t\u00e9 diagnostiqu\u00e9es d\u2019un cancer du pancr\u00e9as en 2023 selon Sant\u00e9 publique France. Souvent longtemps asymptomatique, ce cancer est difficile \u00e0 diagnostiquer \u00e0 un stade pr\u00e9coce. Seuls 10 \u00e0 20 % des tumeurs peuvent \u00eatre op\u00e9r\u00e9es avant une diffusion plus importante dans l\u2019organisme, notamment par le biais de m\u00e9tastases, ce qui en fait un des cancers les plus dangereux (le taux de survie \u00e0 5 ans des personnes diagnostiqu\u00e9es entre 2010 et 2015 en France \u00e9tait de 11 %). Dans les pays occidentalis\u00e9s, sa progression est rapide : en France, le nombre de cas annuel a plus que tripl\u00e9 en 30 ans. La recherche des facteurs de risques est donc un pan essentiel de la lutte contre ce cancer. A la suite d\u2019une \u00e9tude de grande ampleur, l\u2019Organisation mondiale pour la sant\u00e9 (OMS) reconna\u00eet d\u00e9sormais officiellement la consommation d\u2019alcool comme un facteur de risque. L\u2019association entre alcool et cancer du pancr\u00e9as est d\u00e9sormais consid\u00e9r\u00e9e comme \u00ab modeste mais significative \u00bb selon cette nouvelle \u00e9tude publi\u00e9e le 20 mai 2025 dans la revue Plos Medicine.<\/p>\n<p>Des donn\u00e9es r\u00e9colt\u00e9es aupr\u00e8s de 2,5 millions de participants<\/p>\n<p>Une vaste \u00e9quipe internationale de chercheurs, men\u00e9e par le Centre international de recherche sur le cancer (CIRC) bas\u00e9 \u00e0 Lyon, s\u2019est appuy\u00e9e sur les donn\u00e9es de pr\u00e8s de 2, 5 millions de personnes. Ces derni\u00e8res ont \u00e9t\u00e9 r\u00e9parties en 30 cohortes, bas\u00e9es en Europe, Am\u00e9rique du Nord, Australie (&#8230;)<\/p>\n<p><a href=\"https:\/\/www.topsante.com\/medecine\/cancers\/cancer-du-pancreas-cette-boisson-est-finalement-reconnue-par-loms-comme-dangereuse-916793?utm_campaign=partenariat&amp;utm_source=yahoo-articles&amp;utm_medium=flux\" rel=\"nofollow noopener\" target=\"_blank\" data-ylk=\"slk:Lire la suite sur Top Sant\u00e9;elm:context_link;itc:0;sec:content-canvas\" class=\"link \">Lire la suite sur Top Sant\u00e9<\/a><\/p>\n<p><a href=\"https:\/\/www.topsante.com\/medecine\/un-gastro-enterologue-nous-empresse-de-nous-debarrasser-de-ces-2-ustensiles-de-cuisine-toxiques-916837?utm_campaign=partenariat&amp;utm_source=yahoo-articles&amp;utm_medium=flux\" rel=\"nofollow noopener\" target=\"_blank\" data-ylk=\"slk:Un gastro-ent\u00e9rologue nous empresse de nous d\u00e9barrasser de ces 2 ustensiles de cuisine &quot;toxiques&quot;;elm:context_link;itc:0;sec:content-canvas\" class=\"link \">Un gastro-ent\u00e9rologue nous empresse de nous d\u00e9barrasser de ces 2 ustensiles de cuisine \u00ab\u00a0toxiques\u00a0\u00bb<\/a><br \/><a href=\"https:\/\/www.topsante.com\/medecine\/addictions\/jai-retrouve-ma-joie-de-vivre-un-an-sans-tramadol-le-parcours-de-diane-wattrelos-916711?utm_campaign=partenariat&amp;utm_source=yahoo-articles&amp;utm_medium=flux\" rel=\"nofollow noopener\" target=\"_blank\" data-ylk=\"slk:&quot;J&#039;ai retrouv\u00e9 ma joie de vivre&quot; : un an sans Tramadol, le parcours de Diane Wattrelos;elm:context_link;itc:0;sec:content-canvas\" class=\"link \">\u00ab\u00a0J&rsquo;ai retrouv\u00e9 ma joie de vivre\u00a0\u00bb : un an sans Tramadol, le parcours de Diane Wattrelos<\/a><br \/><a href=\"https:\/\/www.topsante.com\/minceur\/perdre_du_poids\/selon-un-celebre-medecin-commencer-chaque-repas-par-cet-aliment-vous-permettra-de-perdre-3-kg-en-3-mois-916771?utm_campaign=partenariat&amp;utm_source=yahoo-articles&amp;utm_medium=flux\" rel=\"nofollow noopener\" target=\"_blank\" data-ylk=\"slk:Selon un c\u00e9l\u00e8bre m\u00e9decin, commencer chaque repas par cet aliment vous permettra de perdre 3 kg en 3 mois;elm:context_link;itc:0;sec:content-canvas\" class=\"link \">Selon un c\u00e9l\u00e8bre m\u00e9decin, commencer chaque repas par cet aliment vous permettra de perdre 3 kg en 3 mois<\/a><br \/><a href=\"https:\/\/www.topsante.com\/medecine\/je-viens-de-me-faire-operer-dun-kyste-ovarien-de-48-cm-voici-5-symptomes-que-jaurais-du-prendre-au-serieux-916744?utm_campaign=partenariat&amp;utm_source=yahoo-articles&amp;utm_medium=flux\" rel=\"nofollow noopener\" target=\"_blank\" data-ylk=\"slk:&quot;Je viens de me faire op\u00e9rer d&#039;un kyste ovarien de 48 cm : voici 5 sympt\u00f4mes que j&#039;aurais d\u00fb prendre au s\u00e9rieux&quot;;elm:context_link;itc:0;sec:content-canvas\" class=\"link \">\u00ab\u00a0Je viens de me faire op\u00e9rer d&rsquo;un kyste ovarien de 48 cm : voici 5 sympt\u00f4mes que j&rsquo;aurais d\u00fb prendre au s\u00e9rieux\u00a0\u00bb<\/a><br \/><a href=\"https:\/\/www.topsante.com\/beaute_soins\/solaire_bronzage\/coup_de_soleil\/la-cause-principale-des-coups-de-soleil-est-enfin-identifiee-et-ce-nest-pas-ce-quon-nous-a-dit-916750?utm_campaign=partenariat&amp;utm_source=yahoo-articles&amp;utm_medium=flux\" rel=\"nofollow noopener\" target=\"_blank\" data-ylk=\"slk:La cause principale des coups de soleil est enfin identifi\u00e9e, et ce n\u2019est pas ce qu\u2019on nous a dit;elm:context_link;itc:0;sec:content-canvas\" class=\"link \">La cause principale des coups de soleil est enfin identifi\u00e9e, et ce n\u2019est pas ce qu\u2019on nous a dit<\/a><\/p>\n","protected":false},"excerpt":{"rendered":"Dans l\u2019Hexagone, pr\u00e8s de 16 000 personnes ont \u00e9t\u00e9 diagnostiqu\u00e9es d\u2019un cancer du pancr\u00e9as en 2023 selon Sant\u00e9&hellip;\n","protected":false},"author":2,"featured_media":142785,"comment_status":"","ping_status":"","sticky":false,"template":"","format":"standard","meta":{"footnotes":""},"categories":[10],"tags":[19070,27077,24112,1011,27,72,71],"class_list":{"0":"post-142784","1":"post","2":"type-post","3":"status-publish","4":"format-standard","5":"has-post-thumbnail","7":"category-sante","8":"tag-centre-international-de-recherche-sur-le-cancer","9":"tag-facteur-de-risque","10":"tag-facteurs-de-risques","11":"tag-fr","12":"tag-france","13":"tag-health","14":"tag-sante"},"share_on_mastodon":{"url":"https:\/\/pubeurope.com\/@fr\/114605111597522762","error":""},"_links":{"self":[{"href":"https:\/\/www.europesays.com\/fr\/wp-json\/wp\/v2\/posts\/142784","targetHints":{"allow":["GET"]}}],"collection":[{"href":"https:\/\/www.europesays.com\/fr\/wp-json\/wp\/v2\/posts"}],"about":[{"href":"https:\/\/www.europesays.com\/fr\/wp-json\/wp\/v2\/types\/post"}],"author":[{"embeddable":true,"href":"https:\/\/www.europesays.com\/fr\/wp-json\/wp\/v2\/users\/2"}],"replies":[{"embeddable":true,"href":"https:\/\/www.europesays.com\/fr\/wp-json\/wp\/v2\/comments?post=142784"}],"version-history":[{"count":0,"href":"https:\/\/www.europesays.com\/fr\/wp-json\/wp\/v2\/posts\/142784\/revisions"}],"wp:featuredmedia":[{"embeddable":true,"href":"https:\/\/www.europesays.com\/fr\/wp-json\/wp\/v2\/media\/142785"}],"wp:attachment":[{"href":"https:\/\/www.europesays.com\/fr\/wp-json\/wp\/v2\/media?parent=142784"}],"wp:term":[{"taxonomy":"category","embeddable":true,"href":"https:\/\/www.europesays.com\/fr\/wp-json\/wp\/v2\/categories?post=142784"},{"taxonomy":"post_tag","embeddable":true,"href":"https:\/\/www.europesays.com\/fr\/wp-json\/wp\/v2\/tags?post=142784"}],"curies":[{"name":"wp","href":"https:\/\/api.w.org\/{rel}","templated":true}]}}