{"id":142786,"date":"2025-05-31T23:46:08","date_gmt":"2025-05-31T23:46:08","guid":{"rendered":"https:\/\/www.europesays.com\/fr\/142786\/"},"modified":"2025-05-31T23:46:08","modified_gmt":"2025-05-31T23:46:08","slug":"ce-depute-marseillais-chambre-le-psg-a-quelques-heures-de-la-finale-c1-finale-psg-inter","status":"publish","type":"post","link":"https:\/\/www.europesays.com\/fr\/142786\/","title":{"rendered":"Ce d\u00e9put\u00e9 marseillais chambre le PSG \u00e0 quelques heures de la finale &#8211; C1 &#8211; Finale &#8211; PSG-Inter"},"content":{"rendered":"<p>\u00c0 jamais les premiers, inlassablement.<\/p>\n<p>\u00c0 quelques heures du coup d\u2019envoi de <a target=\"_blank\" href=\"https:\/\/www.sofoot.com\/articles\/psg-inter-en-finale-de-ligue-des-champions-paris-un-peu-plus-pres-des-etoiles\" rel=\"nofollow noopener\">la finale de la Ligue des champions entre le PSG et l\u2019Inter<\/a>, ce samedi apr\u00e8s-midi, <strong>le d\u00e9put\u00e9 des Bouches-du-Rh\u00f4ne S\u00e9bastien Delogu y est all\u00e9 de son petit chambrage<\/strong> sur son compte X. Marseillais de naissance et supporter inconditionnel des Olympiens, <strong>l\u2019homme politique de 37 ans a publi\u00e9 une photo des logos de l\u2019OM et de l\u2019Inter Milan superpos\u00e9s<\/strong>, accompagn\u00e9e d\u2019une l\u00e9gende on ne peut plus explicite : \u00ab\u202f\u00c0 jamais les premiers.\u202f\u00bb\u00a0<\/p>\n<p>La m\u00e9moire courte ?<\/p>\n<p>Cette pique ne devrait pas vraiment plaire aux supporters parisiens, et aux Fran\u00e7ais qui souhaitent voir l\u2019\u00e9quipe de l\u2019Hexagone s\u2019imposer ce samedi soir. Mais \u00e0 Marseille, la rivalit\u00e9 grille la priorit\u00e9 \u00e0 la vitrine du football fran\u00e7ais. Quitte \u00e0 oublier ce qui a pu se passer des mois auparavant.<\/p>\n<p>En f\u00e9vrier dernier, apr\u00e8s <a target=\"_blank\" href=\"https:\/\/www.sofoot.com\/breves\/nice-om-que-la-chasse-aux-rats-commence-la-banderole-de-mauvais-gout-des-ultras-nicois\" rel=\"nofollow noopener\">le scandale de la banderole pendant un Nice-OM<\/a>, <strong>des supporters int\u00e9ristes avaient apport\u00e9 leur soutien aux Ni\u00e7ois en accrochant la leur, en \u00e9voquant \u00e0 leur tour <\/strong><strong>\u00ab\u202fles rats marseillais.\u202f\u00bb<\/strong>\u00a0Une attaque frontale qui n\u2019a pas emp\u00each\u00e9 le d\u00e9put\u00e9 de choisir son camp, et <a target=\"_blank\" href=\"https:\/\/www.sofoot.com\/breves\/a-marseille-un-magasin-est-en-rupture-de-stock-de-maillots-de-linter-milan\" rel=\"nofollow noopener\">les supporters de l\u2019OM de s\u2019arracher le maillot aux rayures noires et bleues<\/a>.<\/p>\n<p>Alors, toujours Int\u00e9riste ?<\/p>\n<p>\t\t\t\t\t\t\t\t\t\t<a class=\"lien-connexe\" href=\"https:\/\/www.sofoot.com\/articles\/sondage-le-paris-saint-germain-est-il-desormais-le-plus-grand-club-francais\" rel=\"nofollow noopener\" target=\"_blank\">Sondage\u202f: Le Paris Saint-Germain est-il d\u00e9sormais le plus grand club fran\u00e7ais\u202f?<\/a>\t\t\t\t\t<\/p>\n","protected":false},"excerpt":{"rendered":"\u00c0 jamais les premiers, inlassablement. \u00c0 quelques heures du coup d\u2019envoi de la finale de la Ligue des&hellip;\n","protected":false},"author":2,"featured_media":142787,"comment_status":"","ping_status":"","sticky":false,"template":"","format":"standard","meta":{"footnotes":""},"categories":[9],"tags":[47,61,69,65,64,63,1011,27,68,66,62,70,67,60],"class_list":{"0":"post-142786","1":"post","2":"type-post","3":"status-publish","4":"format-standard","5":"has-post-thumbnail","7":"category-sports","8":"tag-actualite","9":"tag-actus-football","10":"tag-bundesliga","11":"tag-championnats-europeens","12":"tag-equipe-de-france","13":"tag-football","14":"tag-fr","15":"tag-france","16":"tag-ligua","17":"tag-ligue-1","18":"tag-news-foot","19":"tag-premier-league","20":"tag-serie-a","21":"tag-sports"},"share_on_mastodon":{"url":"https:\/\/pubeurope.com\/@fr\/114605115563746002","error":""},"_links":{"self":[{"href":"https:\/\/www.europesays.com\/fr\/wp-json\/wp\/v2\/posts\/142786","targetHints":{"allow":["GET"]}}],"collection":[{"href":"https:\/\/www.europesays.com\/fr\/wp-json\/wp\/v2\/posts"}],"about":[{"href":"https:\/\/www.europesays.com\/fr\/wp-json\/wp\/v2\/types\/post"}],"author":[{"embeddable":true,"href":"https:\/\/www.europesays.com\/fr\/wp-json\/wp\/v2\/users\/2"}],"replies":[{"embeddable":true,"href":"https:\/\/www.europesays.com\/fr\/wp-json\/wp\/v2\/comments?post=142786"}],"version-history":[{"count":0,"href":"https:\/\/www.europesays.com\/fr\/wp-json\/wp\/v2\/posts\/142786\/revisions"}],"wp:featuredmedia":[{"embeddable":true,"href":"https:\/\/www.europesays.com\/fr\/wp-json\/wp\/v2\/media\/142787"}],"wp:attachment":[{"href":"https:\/\/www.europesays.com\/fr\/wp-json\/wp\/v2\/media?parent=142786"}],"wp:term":[{"taxonomy":"category","embeddable":true,"href":"https:\/\/www.europesays.com\/fr\/wp-json\/wp\/v2\/categories?post=142786"},{"taxonomy":"post_tag","embeddable":true,"href":"https:\/\/www.europesays.com\/fr\/wp-json\/wp\/v2\/tags?post=142786"}],"curies":[{"name":"wp","href":"https:\/\/api.w.org\/{rel}","templated":true}]}}