{"id":142794,"date":"2025-05-31T23:50:10","date_gmt":"2025-05-31T23:50:10","guid":{"rendered":"https:\/\/www.europesays.com\/fr\/142794\/"},"modified":"2025-05-31T23:50:10","modified_gmt":"2025-05-31T23:50:10","slug":"le-chancelier-allemand-friedrich-merz-sera-recu-jeudi-pour-la-premiere-fois-par-donald-trump-a-la-maison-blanche","status":"publish","type":"post","link":"https:\/\/www.europesays.com\/fr\/142794\/","title":{"rendered":"Le chancelier allemand Friedrich Merz sera re\u00e7u jeudi pour la premi\u00e8re fois par Donald Trump \u00e0 la Maison-Blanche"},"content":{"rendered":"<p>Le commerce mondial, la situation au Moyen-Orient et la guerre en Ukraine seront abord\u00e9s par les deux hommes, selon le porte-parole du gouvernement allemand.<\/p>\n<p class=\"fig-paragraph\">Le chancelier allemand\u00a0<a href=\"http:\/\/www.lefigaro.fr\/international\/allemagne-friedrich-merz-le-nouveau-chancelier-deja-sous-contrainte-20250506\" target=\"_blank\" data-fig-type=\"Article\" rel=\"noopener nofollow\" data-gtm-custom-categorie=\"navigation\" data-gtm-custom-action=\"crossclick\" data-gtm-custom-label=\"Contextuel\" data-gtm-event=\"customEventSPE\" data-fig-domain=\"LEFIGARO\">Friedrich Merz<\/a>, qui a pris ses fonctions le 6 mai, rencontrera pour la premi\u00e8re fois jeudi\u00a0<a href=\"http:\/\/www.lefigaro.fr\/international\/dossier\/donald-trump-investi-47e-president-des-etats-unis-notre-dossier-pour-tout-comprendre\" target=\"_blank\" data-fig-type=\"Topic\" rel=\"noopener nofollow\" data-gtm-custom-categorie=\"navigation\" data-gtm-custom-action=\"crossclick\" data-gtm-custom-label=\"Contextuel\" data-gtm-event=\"customEventSPE\" data-fig-domain=\"LEFIGARO\">Donald Trump<\/a>, qui le recevra \u00e0 la Maison Blanche, a d\u00e9clar\u00e9 samedi le porte-parole du gouvernement allemand, Stefan Kornelius.<\/p>\n<p class=\"fig-paragraph\">Cette rencontre aura lieu \u00e0 l&rsquo;occasion du premier d\u00e9placement officiel de Friedrich Merz aux \u00c9tats-Unis, sur fond de tensions li\u00e9es \u00e0 l\u2019Ukraine et \u00e0 la guerre commerciale d\u00e9clench\u00e9e par Donald Trump, qui a impos\u00e9 ou menac\u00e9 d\u2019imposer une s\u00e9rie de droits de douane \u00e0 ses partenaires. Les deux hommes, qui ont d\u00e9j\u00e0 eu plusieurs conversations t\u00e9l\u00e9phoniques, aborderont notamment la question du commerce, la situation au Moyen-Orient et \u00abla guerre d&rsquo;agression de la Russie contre l&rsquo;Ukraine\u00bb, a pr\u00e9cis\u00e9 le porte-parole.<\/p>\n<p class=\"fig-paragraph\">En raison de l\u2019importance des exportations pour son \u00e9conomie, l\u2019Allemagne est particuli\u00e8rement inqui\u00e8te des r\u00e9percussions de la guerre commerciale lanc\u00e9e par Washington. La premi\u00e8re \u00e9conomie europ\u00e9enne vient d\u2019encha\u00eener deux ann\u00e9es de r\u00e9cession et est de facto en stagnation depuis d\u00e9j\u00e0 2018.<\/p>\n<p>Discussions autour de la guerre en Ukraine<\/p>\n<p class=\"fig-paragraph\">Derri\u00e8re les \u00c9tats-Unis., l\u2019Allemagne est par ailleurs le plus grand pourvoyeur d\u2019aide militaire en Ukraine. De son c\u00f4t\u00e9, Donald Trump assure vouloir mettre fin au plus vite \u00e0 l\u2019assaut \u00e0 grande \u00e9chelle men\u00e9 par la Russie. Mais alors qu\u2019ils veulent alourdir les sanctions \u00e9conomiques contre la Russie pour la contraindre \u00e0 un cessez-le-feu en Ukraine, les Europ\u00e9ens composent \u00e0 grand-peine avec l\u2019attitude ambivalente de Donald Trump qui affiche son impatience, brandit les menaces, sans jamais passer aux actes.<\/p>\n<p class=\"fig-paragraph\">Le chancelier allemand s\u2019est engag\u00e9 mercredi \u00e0 aider Kiev \u00e0 produire, \u00e0 la fois en Ukraine et en Allemagne, des missiles longue port\u00e9e, susceptibles de lui permettre d\u2019atteindre le territoire russe en profondeur.<\/p>\n","protected":false},"excerpt":{"rendered":"Le commerce mondial, la situation au Moyen-Orient et la guerre en Ukraine seront abord\u00e9s par les deux hommes,&hellip;\n","protected":false},"author":2,"featured_media":142795,"comment_status":"","ping_status":"","sticky":false,"template":"","format":"standard","meta":{"footnotes":""},"categories":[5],"tags":[259,11,260,75,1011,27,4710,14,261,12,262,28],"class_list":{"0":"post-142794","1":"post","2":"type-post","3":"status-publish","4":"format-standard","5":"has-post-thumbnail","7":"category-international","8":"tag-actualite-internationale","9":"tag-actualites","10":"tag-affaires-etrangeres","11":"tag-donald-trump","12":"tag-fr","13":"tag-france","14":"tag-friedrich-merz","15":"tag-international","16":"tag-ministere-des-affaires-etrangeres","17":"tag-news","18":"tag-politique-etrangere","19":"tag-world"},"share_on_mastodon":{"url":"https:\/\/pubeurope.com\/@fr\/114605131301098550","error":""},"_links":{"self":[{"href":"https:\/\/www.europesays.com\/fr\/wp-json\/wp\/v2\/posts\/142794","targetHints":{"allow":["GET"]}}],"collection":[{"href":"https:\/\/www.europesays.com\/fr\/wp-json\/wp\/v2\/posts"}],"about":[{"href":"https:\/\/www.europesays.com\/fr\/wp-json\/wp\/v2\/types\/post"}],"author":[{"embeddable":true,"href":"https:\/\/www.europesays.com\/fr\/wp-json\/wp\/v2\/users\/2"}],"replies":[{"embeddable":true,"href":"https:\/\/www.europesays.com\/fr\/wp-json\/wp\/v2\/comments?post=142794"}],"version-history":[{"count":0,"href":"https:\/\/www.europesays.com\/fr\/wp-json\/wp\/v2\/posts\/142794\/revisions"}],"wp:featuredmedia":[{"embeddable":true,"href":"https:\/\/www.europesays.com\/fr\/wp-json\/wp\/v2\/media\/142795"}],"wp:attachment":[{"href":"https:\/\/www.europesays.com\/fr\/wp-json\/wp\/v2\/media?parent=142794"}],"wp:term":[{"taxonomy":"category","embeddable":true,"href":"https:\/\/www.europesays.com\/fr\/wp-json\/wp\/v2\/categories?post=142794"},{"taxonomy":"post_tag","embeddable":true,"href":"https:\/\/www.europesays.com\/fr\/wp-json\/wp\/v2\/tags?post=142794"}],"curies":[{"name":"wp","href":"https:\/\/api.w.org\/{rel}","templated":true}]}}