{"id":142798,"date":"2025-05-31T23:52:12","date_gmt":"2025-05-31T23:52:12","guid":{"rendered":"https:\/\/www.europesays.com\/fr\/142798\/"},"modified":"2025-05-31T23:52:12","modified_gmt":"2025-05-31T23:52:12","slug":"psg-inter-la-decision-impressionnante-de-roland-garros","status":"publish","type":"post","link":"https:\/\/www.europesays.com\/fr\/142798\/","title":{"rendered":"PSG &#8211; Inter, la d\u00e9cision impressionnante de Roland-Garros"},"content":{"rendered":"<p data-testid=\"article-teaser\">Roland-Garros a pris une d\u00e9cision inattendue pour la finale de Ligue des Champions entre le PSG et l\u2019Inter, samedi.<\/p>\n<p>Une nuit exceptionnelle attend Paris. Alors que le Parc des Princes s\u2019embrasera pour la finale de Ligue des champions opposant le Paris Saint-Germain \u00e0 l\u2019Inter Milan, un autre \u00e9v\u00e9nement majeur se jouera \u00e0 quelques encablures : le duel entre Novak Djokovic et Filip Misolic sur le court central de Roland-Garros. Deux univers, deux ambiances, mais une proximit\u00e9 in\u00e9dite qui pourrait faire vibrer les trav\u00e9es du tournoi comme jamais auparavant.<\/p>\n<p>L&rsquo;article continue ci-dessous<\/p>\n","protected":false},"excerpt":{"rendered":"Roland-Garros a pris une d\u00e9cision inattendue pour la finale de Ligue des Champions entre le PSG et l\u2019Inter,&hellip;\n","protected":false},"author":2,"featured_media":142799,"comment_status":"","ping_status":"","sticky":false,"template":"","format":"standard","meta":{"footnotes":""},"categories":[2],"tags":[11,1011,27,10317,447,12,91,25361],"class_list":{"0":"post-142798","1":"post","2":"type-post","3":"status-publish","4":"format-standard","5":"has-post-thumbnail","7":"category-actualites","8":"tag-actualites","9":"tag-fr","10":"tag-france","11":"tag-inter","12":"tag-ligue-des-champions","13":"tag-news","14":"tag-paris-saint-germain","15":"tag-paris-saint-germain-vs-inter"},"share_on_mastodon":{"url":"https:\/\/pubeurope.com\/@fr\/114605139103612651","error":""},"_links":{"self":[{"href":"https:\/\/www.europesays.com\/fr\/wp-json\/wp\/v2\/posts\/142798","targetHints":{"allow":["GET"]}}],"collection":[{"href":"https:\/\/www.europesays.com\/fr\/wp-json\/wp\/v2\/posts"}],"about":[{"href":"https:\/\/www.europesays.com\/fr\/wp-json\/wp\/v2\/types\/post"}],"author":[{"embeddable":true,"href":"https:\/\/www.europesays.com\/fr\/wp-json\/wp\/v2\/users\/2"}],"replies":[{"embeddable":true,"href":"https:\/\/www.europesays.com\/fr\/wp-json\/wp\/v2\/comments?post=142798"}],"version-history":[{"count":0,"href":"https:\/\/www.europesays.com\/fr\/wp-json\/wp\/v2\/posts\/142798\/revisions"}],"wp:featuredmedia":[{"embeddable":true,"href":"https:\/\/www.europesays.com\/fr\/wp-json\/wp\/v2\/media\/142799"}],"wp:attachment":[{"href":"https:\/\/www.europesays.com\/fr\/wp-json\/wp\/v2\/media?parent=142798"}],"wp:term":[{"taxonomy":"category","embeddable":true,"href":"https:\/\/www.europesays.com\/fr\/wp-json\/wp\/v2\/categories?post=142798"},{"taxonomy":"post_tag","embeddable":true,"href":"https:\/\/www.europesays.com\/fr\/wp-json\/wp\/v2\/tags?post=142798"}],"curies":[{"name":"wp","href":"https:\/\/api.w.org\/{rel}","templated":true}]}}