{"id":142800,"date":"2025-05-31T23:54:17","date_gmt":"2025-05-31T23:54:17","guid":{"rendered":"https:\/\/www.europesays.com\/fr\/142800\/"},"modified":"2025-05-31T23:54:17","modified_gmt":"2025-05-31T23:54:17","slug":"le-challenge-amblard-remporte-par-les-locaux","status":"publish","type":"post","link":"https:\/\/www.europesays.com\/fr\/142800\/","title":{"rendered":"le challenge Amblard remport\u00e9 par les locaux"},"content":{"rendered":"<p>Ce jeudi 29\u00a0mai, la p\u00e9tanque Fontbellonnaise organisait le challenge Amblard, concours officiel ouvert aux licenci\u00e9s. Le concours s\u2019est d\u00e9roul\u00e9 en triplettes mont\u00e9es. 46 \u00e9quipes se sont inscrites pour le concours A et B.<\/p>\n<p>Les gagnants du concours A, C\u00e9line Chirouze et Fr\u00e9d\u00e9ric Chirouze et Cyril Lombard contre Noah Goulard, Aurore Laurans et Joaquim Lafont. La finale du groupe B n\u2019a pas pu \u00eatre disput\u00e9e, l\u2019\u00e9quipe 26 a quitt\u00e9 le boulodrome avant la fin. C\u2019est donc la triplette Emma Ni\u00e8s, Aur\u00e9lien Ni\u00e8s et Manoyan qui peuvent \u00eatre consid\u00e9r\u00e9s comme vainqueurs.<\/p>\n","protected":false},"excerpt":{"rendered":"Ce jeudi 29\u00a0mai, la p\u00e9tanque Fontbellonnaise organisait le challenge Amblard, concours officiel ouvert aux licenci\u00e9s. Le concours s\u2019est&hellip;\n","protected":false},"author":2,"featured_media":142801,"comment_status":"","ping_status":"","sticky":false,"template":"","format":"standard","meta":{"footnotes":""},"categories":[9653],"tags":[1111,11,2430,27079,6621,4645,1777,674,1011,27,12,25,4001,27078],"class_list":{"0":"post-142800","1":"post","2":"type-post","3":"status-publish","4":"format-standard","5":"has-post-thumbnail","7":"category-saint-etienne","8":"tag-actu","9":"tag-actualites","10":"tag-auvergne-rhone-alpes","11":"tag-bassin-daubenas","12":"tag-boules","13":"tag-edition-aubenas-privas-vallee-du-rhone","14":"tag-eu","15":"tag-europe","16":"tag-fr","17":"tag-france","18":"tag-news","19":"tag-republique-francaise","20":"tag-saint-etienne","21":"tag-saint-etienne-de-fontbellon"},"share_on_mastodon":{"url":"https:\/\/pubeurope.com\/@fr\/114605146934588822","error":""},"_links":{"self":[{"href":"https:\/\/www.europesays.com\/fr\/wp-json\/wp\/v2\/posts\/142800","targetHints":{"allow":["GET"]}}],"collection":[{"href":"https:\/\/www.europesays.com\/fr\/wp-json\/wp\/v2\/posts"}],"about":[{"href":"https:\/\/www.europesays.com\/fr\/wp-json\/wp\/v2\/types\/post"}],"author":[{"embeddable":true,"href":"https:\/\/www.europesays.com\/fr\/wp-json\/wp\/v2\/users\/2"}],"replies":[{"embeddable":true,"href":"https:\/\/www.europesays.com\/fr\/wp-json\/wp\/v2\/comments?post=142800"}],"version-history":[{"count":0,"href":"https:\/\/www.europesays.com\/fr\/wp-json\/wp\/v2\/posts\/142800\/revisions"}],"wp:featuredmedia":[{"embeddable":true,"href":"https:\/\/www.europesays.com\/fr\/wp-json\/wp\/v2\/media\/142801"}],"wp:attachment":[{"href":"https:\/\/www.europesays.com\/fr\/wp-json\/wp\/v2\/media?parent=142800"}],"wp:term":[{"taxonomy":"category","embeddable":true,"href":"https:\/\/www.europesays.com\/fr\/wp-json\/wp\/v2\/categories?post=142800"},{"taxonomy":"post_tag","embeddable":true,"href":"https:\/\/www.europesays.com\/fr\/wp-json\/wp\/v2\/tags?post=142800"}],"curies":[{"name":"wp","href":"https:\/\/api.w.org\/{rel}","templated":true}]}}