{"id":142810,"date":"2025-06-01T00:05:12","date_gmt":"2025-06-01T00:05:12","guid":{"rendered":"https:\/\/www.europesays.com\/fr\/142810\/"},"modified":"2025-06-01T00:05:12","modified_gmt":"2025-06-01T00:05:12","slug":"celebrations-de-la-victoire-du-psg-a-grenoble-une-voiture-percute-la-foule-quatre-blesses-dont-deux-graves","status":"publish","type":"post","link":"https:\/\/www.europesays.com\/fr\/142810\/","title":{"rendered":"C\u00e9l\u00e9brations de la victoire du PSG \u00e0 Grenoble\u00a0: une voiture percute la foule, quatre bless\u00e9s dont deux graves"},"content":{"rendered":"<p class=\"paragraph text_align_left\">Un drame terrible \u00e0 Grenoble. Une voiture a percut\u00e9 la foule ce samedi soir, en marge <a href=\"https:\/\/www.leparisien.fr\/sports\/football\/ligue-des-champions\/direct-le-psg-champion-deurope-suivez-la-nuit-de-festivites-a-paris-31-05-2025-D6WIC54LONF3HENF5ZJ5F7PXEA.php\" target=\"_blank\" rel=\"noreferrer noopener\">des c\u00e9l\u00e9brations de la victoire du PSG<\/a>.<\/p>\n<p class=\"paragraph text_align_left\">Quatre personnes d\u2019une m\u00eame famille ont \u00e9t\u00e9 bless\u00e9es, dont deux gri\u00e8vement, apr\u00e8s qu\u2019une voiture a heurt\u00e9 la foule c\u00e9l\u00e9brant la victoire du PSG face \u00e0 l\u2019Inter Milan, a-t-on appris aupr\u00e8s de la pr\u00e9fecture.<\/p>\n<p class=\"paragraph text_align_left\">Selon <a href=\"https:\/\/www.ledauphine.com\/faits-divers-justice\/2025\/06\/01\/la-fete-degenere-plusieurs-blesses-dans-les-rues-a-grenoble\" target=\"_blank\" rel=\"noreferrer noopener\">Le Dauphin\u00e9<\/a>, les victimes seraient \u00e2g\u00e9es de 17, 23 et 46 ans. Elles auraient \u00e9t\u00e9 fauch\u00e9es par un conducteur roulant \u00e0 vive allure alors qu\u2019il voulait faire un demi-tour.<\/p>\n<p class=\"paragraph text_align_left\">\u00ab Un v\u00e9hicule aurait perdu le contr\u00f4le, heurtant quatre personnes dont deux bless\u00e9es gri\u00e8vement \u00bb, a confirm\u00e9 la pr\u00e9fecture \u00e0 l\u2019AFP, pr\u00e9cisant que le conducteur s\u2019est rendu de lui-m\u00eame \u00e0 la police et est en garde \u00e0 vue.<\/p>\n<p class=\"lp-card-podcast-highlighting__title  lp-f-subtitle-05\">L\u2019enl\u00e8vement d\u2019Eric Peugeot, 4 ans, contre 1 million d\u2019euros (1\/2)<\/p>\n<p class=\"lp-card-podcast-highlighting__description lp-f-ui-05\">Crime story raconte chaque semaine les grandes affaires criminelles.<\/p>\n<p><a class=\"lp-card-podcast-highlighting__call-to-action\" data-page-type=\"HP\" data-block-name=\"podcast-highlight\">\u00c9couter<\/a><\/p>\n<p class=\"paragraph text_align_left\"><b>&gt; Plus d\u2019informations \u00e0 suivre<\/b><\/p>\n","protected":false},"excerpt":{"rendered":"Un drame terrible \u00e0 Grenoble. Une voiture a percut\u00e9 la foule ce samedi soir, en marge des c\u00e9l\u00e9brations&hellip;\n","protected":false},"author":2,"featured_media":142811,"comment_status":"","ping_status":"","sticky":false,"template":"","format":"standard","meta":{"footnotes":""},"categories":[9566],"tags":[1111,11,898,2430,8936,1777,674,118,1011,27,2731,12,25,60],"class_list":{"0":"post-142810","1":"post","2":"type-post","3":"status-publish","4":"format-standard","5":"has-post-thumbnail","7":"category-grenoble","8":"tag-actu","9":"tag-actualites","10":"tag-alerte","11":"tag-auvergne-rhone-alpes","12":"tag-breaking-news","13":"tag-eu","14":"tag-europe","15":"tag-faits-divers","16":"tag-fr","17":"tag-france","18":"tag-grenoble","19":"tag-news","20":"tag-republique-francaise","21":"tag-sports"},"share_on_mastodon":{"url":"https:\/\/pubeurope.com\/@fr\/114605190201779136","error":""},"_links":{"self":[{"href":"https:\/\/www.europesays.com\/fr\/wp-json\/wp\/v2\/posts\/142810","targetHints":{"allow":["GET"]}}],"collection":[{"href":"https:\/\/www.europesays.com\/fr\/wp-json\/wp\/v2\/posts"}],"about":[{"href":"https:\/\/www.europesays.com\/fr\/wp-json\/wp\/v2\/types\/post"}],"author":[{"embeddable":true,"href":"https:\/\/www.europesays.com\/fr\/wp-json\/wp\/v2\/users\/2"}],"replies":[{"embeddable":true,"href":"https:\/\/www.europesays.com\/fr\/wp-json\/wp\/v2\/comments?post=142810"}],"version-history":[{"count":0,"href":"https:\/\/www.europesays.com\/fr\/wp-json\/wp\/v2\/posts\/142810\/revisions"}],"wp:featuredmedia":[{"embeddable":true,"href":"https:\/\/www.europesays.com\/fr\/wp-json\/wp\/v2\/media\/142811"}],"wp:attachment":[{"href":"https:\/\/www.europesays.com\/fr\/wp-json\/wp\/v2\/media?parent=142810"}],"wp:term":[{"taxonomy":"category","embeddable":true,"href":"https:\/\/www.europesays.com\/fr\/wp-json\/wp\/v2\/categories?post=142810"},{"taxonomy":"post_tag","embeddable":true,"href":"https:\/\/www.europesays.com\/fr\/wp-json\/wp\/v2\/tags?post=142810"}],"curies":[{"name":"wp","href":"https:\/\/api.w.org\/{rel}","templated":true}]}}