{"id":142812,"date":"2025-06-01T00:08:49","date_gmt":"2025-06-01T00:08:49","guid":{"rendered":"https:\/\/www.europesays.com\/fr\/142812\/"},"modified":"2025-06-01T00:08:49","modified_gmt":"2025-06-01T00:08:49","slug":"un-jeune-de-23-ans-se-noie-dans-un-etang-pres-de-rennes-2","status":"publish","type":"post","link":"https:\/\/www.europesays.com\/fr\/142812\/","title":{"rendered":"Un jeune de 23 ans se noie dans un \u00e9tang pr\u00e8s de Rennes"},"content":{"rendered":"<p><a href=\"https:\/\/www.20minutes.fr\/faits_divers\/4155400-20250526-nice-deces-homme-noye-plage-promenade-anglais\" target=\"_blank\" class=\"color-ultramarine c-link\" rel=\"nofollow noopener\">Nouveau drame<\/a> pr\u00e8s d\u2019un cours d\u2019eau. Jeudi, un peu avant 20 heures, la commune de Thorign\u00e9-Fouillard, au nord-est de <a href=\"https:\/\/www.20minutes.fr\/rennes\/\" class=\"color-ultramarine c-link\" rel=\"nofollow noopener\" target=\"_blank\">Rennes<\/a> en <a href=\"https:\/\/www.20minutes.fr\/dossier\/ille_et_vilaine\" class=\"color-ultramarine c-link\" rel=\"nofollow noopener\" target=\"_blank\">Ille-et-Vilaine<\/a>, a \u00e9t\u00e9 le th\u00e9\u00e2tre d\u2019un drame. Un jeune de 23 ans est d\u00e9c\u00e9d\u00e9 apr\u00e8s s\u2019\u00eatre noy\u00e9 dans l\u2019\u00e9tang des No\u00e9s, selon les informations de <a href=\"https:\/\/www.ouest-france.fr\/societe\/faits-divers\/un-jeune-homme-de-23-ans-se-noie-dans-un-etang-en-ille-et-vilaine-3e48cfe2-3cca-11f0-88b0-943c4d024772\" rel=\"nofollow noopener\" target=\"_blank\" class=\"color-ultramarine c-link\">Ouest-France<\/a>.<\/p>\n<\/p>\n<p>L\u2019accident s\u2019est produit devant sa famille qui l\u2019a rapidement sortie de l\u2019eau avant de d\u00e9clencher une alerte sur <a href=\"https:\/\/stayingalive.org\/\" rel=\"nofollow noopener\" target=\"_blank\" class=\"color-ultramarine c-link\">Staying Alives<\/a> \u00e0 19h37. Deux personnes ont alors port\u00e9 secours au jeune homme pour lui prodiguer les premiers soins.<\/p>\n<p>En d\u00e9pit des efforts de r\u00e9animation et de l\u2019intervention de trois pompiers ainsi que d\u2019une \u00e9quipe du Smur qui ont pris le relais pour sauver la victime, le jeune homme a h\u00e9las \u00e9t\u00e9 d\u00e9clar\u00e9 mort en fin de soir\u00e9e.<\/p>\n","protected":false},"excerpt":{"rendered":"Nouveau drame pr\u00e8s d\u2019un cours d\u2019eau. Jeudi, un peu avant 20 heures, la commune de Thorign\u00e9-Fouillard, au nord-est&hellip;\n","protected":false},"author":2,"featured_media":142813,"comment_status":"","ping_status":"","sticky":false,"template":"","format":"standard","meta":{"footnotes":""},"categories":[2821],"tags":[119,1111,47,11,829,1777,674,118,7641,1011,27,848,12,7781,584,25],"class_list":{"0":"post-142812","1":"post","2":"type-post","3":"status-publish","4":"format-standard","5":"has-post-thumbnail","7":"category-rennes","8":"tag-accident","9":"tag-actu","10":"tag-actualite","11":"tag-actualites","12":"tag-bretagne","13":"tag-eu","14":"tag-europe","15":"tag-faits-divers","16":"tag-faits-divers-rennes","17":"tag-fr","18":"tag-france","19":"tag-ille-et-vilaine","20":"tag-news","21":"tag-noyade","22":"tag-rennes","23":"tag-republique-francaise"},"share_on_mastodon":{"url":"https:\/\/pubeurope.com\/@fr\/114605205979912186","error":""},"_links":{"self":[{"href":"https:\/\/www.europesays.com\/fr\/wp-json\/wp\/v2\/posts\/142812","targetHints":{"allow":["GET"]}}],"collection":[{"href":"https:\/\/www.europesays.com\/fr\/wp-json\/wp\/v2\/posts"}],"about":[{"href":"https:\/\/www.europesays.com\/fr\/wp-json\/wp\/v2\/types\/post"}],"author":[{"embeddable":true,"href":"https:\/\/www.europesays.com\/fr\/wp-json\/wp\/v2\/users\/2"}],"replies":[{"embeddable":true,"href":"https:\/\/www.europesays.com\/fr\/wp-json\/wp\/v2\/comments?post=142812"}],"version-history":[{"count":0,"href":"https:\/\/www.europesays.com\/fr\/wp-json\/wp\/v2\/posts\/142812\/revisions"}],"wp:featuredmedia":[{"embeddable":true,"href":"https:\/\/www.europesays.com\/fr\/wp-json\/wp\/v2\/media\/142813"}],"wp:attachment":[{"href":"https:\/\/www.europesays.com\/fr\/wp-json\/wp\/v2\/media?parent=142812"}],"wp:term":[{"taxonomy":"category","embeddable":true,"href":"https:\/\/www.europesays.com\/fr\/wp-json\/wp\/v2\/categories?post=142812"},{"taxonomy":"post_tag","embeddable":true,"href":"https:\/\/www.europesays.com\/fr\/wp-json\/wp\/v2\/tags?post=142812"}],"curies":[{"name":"wp","href":"https:\/\/api.w.org\/{rel}","templated":true}]}}